{"id":554941,"date":"2025-11-06T08:22:13","date_gmt":"2025-11-06T08:22:13","guid":{"rendered":"https:\/\/www.europesays.com\/de\/554941\/"},"modified":"2025-11-06T08:22:13","modified_gmt":"2025-11-06T08:22:13","slug":"mindestens-vier-schwerverletzte-in-frankreich","status":"publish","type":"post","link":"https:\/\/www.europesays.com\/de\/554941\/","title":{"rendered":"Mindestens vier Schwerverletzte in Frankreich"},"content":{"rendered":"<ol class=\"id-DonaldBreadcrumb lp_west_breadcrumb id-DonaldBreadcrumb--default\" data-k5a-pos=\"west_breadcrumb\">\n<li class=\"id-Breadcrumb-item\"><a href=\"https:\/\/www.fr.de\/\" class=\"id-Breadcrumb-link\" data-id-ec=\"{\" shn=\"\" textlink=\"\" data-k5a-pos=\"1_startseite\" rel=\"nofollow noopener\" target=\"_blank\">Startseite<\/a><\/li>\n<li class=\"id-Breadcrumb-item\"><a href=\"https:\/\/www.fr.de\/panorama\/\" class=\"id-Breadcrumb-link\" data-id-ec=\"{\" shn=\"\" textlink=\"\" data-k5a-pos=\"2_panorama\" rel=\"nofollow noopener\" target=\"_blank\">Panorama<\/a><\/li>\n<\/ol>\n<p class=\"id-Story-timestamp id-Story-timestamp--default\">Stand: 06.11.2025, 06:50 Uhr<\/p>\n<p class=\"id-Story-authors id-Story-authors--default\">Von: <a class=\"id-Story-authors-link lp_west_author\" href=\"https:\/\/www.fr.de\/autor\/julian-mayr-52ug6p055.html\" title=\"Zur Autorenseite von Julian Mayr\" data-id-ec=\"{\" shn=\"\" author-link=\"\" mayr=\"\" data-k5a-pos=\"west_author\" rel=\"nofollow noopener\" target=\"_blank\">Julian Mayr<\/a><\/p>\n<p class=\"id-Story-interactionBar id-Story-interactionBar--default\">DruckenTeilen<\/p>\n<p class=\"id-StoryElement-leadText\">Auf der franz\u00f6sischen Insel \u00cele d\u2019Ol\u00e9ron kam es zu einem gef\u00e4hrlichen Zwischenfall. Ein Autofahrer fuhr mehrere Menschen um und verletzte zehn Personen.<\/p>\n<p class=\"id-StoryElement-paragraph\">Saint-Pierre-d\u2018Ol\u00e9ron &#8211; Ein Autofahrer hat am Mittwochmorgen in der westfranz\u00f6sischen Gemeinde Saint-Pierre-d\u2018Ol\u00e9ron absichtlich mehrere Fu\u00dfg\u00e4nger und einen Radfahrer angefahren und dabei neun Menschen verletzt. Zwei Personen erlitten schwere Verletzungen, wie aus einer Mitteilung des franz\u00f6sischen Innenministers Laurent Nu\u00f1ez auf der Plattform X hervorgeht. \u201eAlle Dienste sind mobilisiert, um die Situation zu bew\u00e4ltigen\u201c, erkl\u00e4rte B\u00fcrgermeister Thibault Brechkoff nach dem Vorfall.<\/p>\n<p><img decoding=\"async\" class=\"id-RatioPlaceholder-element wv_story_el_image\" src=\"https:\/\/www.europesays.com\/de\/wp-content\/uploads\/2025\/11\/40337749-insel-saint-pierre-oleron-frankreich-OBBG.jpg\" loading=\"lazy\"   height=\"733\" width=\"1100\" alt=\"Insel Saint-Pierre-d&#x2018;Ol&#xE9;ron Frankreich\"\/>Auf der franz\u00f6sischen Insel \u00cele d\u2019Ol\u00e9ron fuhr ein Mann am Mittwochmorgen mehrere Menschen um. (Archibild) \u00a9\u00a0Roses Nicolas\/ABACA\/Imago<\/p>\n<p class=\"id-StoryElement-paragraph\">Der Tatverd\u00e4chtige wurde wegen versuchten Mordes in Gewahrsam genommen. Nach Angaben der Gendarmerie ereigneten sich die Vorf\u00e4lle gegen 8:45 Uhr auf der Insel vor der franz\u00f6sischen Atlantikk\u00fcste. Bei den Zusammenst\u00f6\u00dfen war ausschlie\u00dflich ein Fahrer beteiligt, der laut B\u00fcrgermeister Brechkoff die Kollisionen vors\u00e4tzlich herbeif\u00fchrte. <\/p>\n<p>Autofahrer in Frankreich erfasst mehrere Menschen <\/p>\n<p class=\"id-StoryElement-paragraph\">Die Verletzten werden derzeit von Rettungskr\u00e4ften versorgt. Die Beh\u00f6rden richteten in der nahegelegenen Ortschaft Dolus einen Krisenstab ein, um die Lage zu koordinieren. Innenminister Nu\u00f1ez k\u00fcndigte seine baldige Anreise zum Tatort an. Die Ermittlungen zu den Hintergr\u00fcnden der Tat laufen auf Hochtouren. <\/p>\n<p class=\"id-StoryElement-paragraph\">Der T\u00e4ter raste zwischen den Ortschaften Dolus-d\u2018Ol\u00e9ron und Saint-Pierre-d\u2018Ol\u00e9ron umher und erfasste wahllos Menschen auf seinem Weg. TF1 Info berichtet, dass er zun\u00e4chst einen Fu\u00dfg\u00e4nger nahe dem Intermarch\u00e9-Supermarkt in Dolus-d\u2018Ol\u00e9ron \u00fcberfuhr, bevor er eine zweite Person auf der Route du Treuil erfasste. Nach Angaben des Staatsanwalts von La Rochelle, Arnaud Laraize, sind sogar vier Opfer in kritischem Zustand.<\/p>\n<p>Tatverd\u00e4chtiger soll \u201eAllah Akbar\u201c geschrien haben, Anti-Terror-Staatsanwalt zun\u00e4chst nicht aktiv<\/p>\n<p class=\"id-StoryElement-paragraph\">Die Gendarmen stellten den Tatverd\u00e4chtigen, als er versuchte, sein Fahrzeug anzuz\u00fcnden. In dem Auto befanden sich Gasflaschen. \u201eEr lie\u00df sich nicht widerstandslos festnehmen. Er wurde mit einem Elektroschockger\u00e4t \u00fcberw\u00e4ltigt\u201c, erkl\u00e4rte Staatsanwalt Laraize der Zeitung Sud Ouest.<\/p>\n<p class=\"id-StoryElement-paragraph\">Bei seiner Festnahme schrie der mutma\u00dfliche T\u00e4ter dem Staatsanwalt zufolge \u201eAllah Akbar.\u201c \u201eDennoch ist das Motiv nicht best\u00e4tigt und die Ermittlungen m\u00fcssen es erst kl\u00e4ren\u201c, betonte Staatsanwalt Laraize gegen\u00fcber France Bleu. Der Mann soll der Polizei wegen kleinerer Straftaten wie Diebstahl bekannt sein, allerdings nicht auf der Radikalisierungsliste gestanden haben. Die Anti-Terror-Staatsanwaltschaft ist bislang nicht eingeschaltet worden. <\/p>\n<p class=\"id-StoryElement-paragraph\">Auch in Deutschland kam es 2025 zu \u00e4hnlichen Vorf\u00e4llen. Im<a href=\"https:\/\/www.fr.de\/panorama\/grosseinsatz-in-muenchen-auto-faehrt-in-menschengruppe-bilder-zr-93569816.html\" class=\"id-import-Link\" data-id-ec=\"{&quot;sht&quot;:&quot;Container&quot;,&quot;shn&quot;:&quot;Story&quot;,&quot;p&quot;:{&quot;containerType&quot;:&quot;Paragraph&quot;,&quot;displayType&quot;:&quot;Paragraph InlineLink&quot;,&quot;type&quot;:&quot;INLINE_LINK&quot;,&quot;value&quot;:&quot; Februar war in M&#xFC;nchen ein Auto in eine Personengruppe gerast&quot;,&quot;variant&quot;:&quot;standardLink&quot;,&quot;sponsored&quot;:false,&quot;linkHref&quot;:&quot;https:\/\/www.fr.de\/panorama\/grosseinsatz-in-muenchen-auto-faehrt-in-menschengruppe-bilder-zr-93569816.html&quot;,&quot;storyElementPosition&quot;:21,&quot;storyElementCount&quot;:21}}\" rel=\"nofollow noopener\" target=\"_blank\"> Februar war in M\u00fcnchen ein Auto in eine Personengruppe gerast<\/a>. Wenige Wochen sp\u00e4ter fuhr ein Autofahrer <a href=\"https:\/\/www.fr.de\/panorama\/auto-rast-in-menschenmenge-in-mannheim-was-bekannt-ist-und-was-nicht-93604516.html\" class=\"id-import-Link\" data-id-ec=\"{&quot;sht&quot;:&quot;Container&quot;,&quot;shn&quot;:&quot;Story&quot;,&quot;p&quot;:{&quot;containerType&quot;:&quot;Paragraph&quot;,&quot;displayType&quot;:&quot;Paragraph InlineLink&quot;,&quot;type&quot;:&quot;INLINE_LINK&quot;,&quot;value&quot;:&quot;mit hoher Geschwindigkeit durch das Zentrum von Mannheim, zwei Menschen sterben.&quot;,&quot;variant&quot;:&quot;standardLink&quot;,&quot;sponsored&quot;:false,&quot;linkHref&quot;:&quot;https:\/\/www.fr.de\/panorama\/auto-rast-in-menschenmenge-in-mannheim-was-bekannt-ist-und-was-nicht-93604516.html&quot;,&quot;storyElementPosition&quot;:21,&quot;storyElementCount&quot;:21}}\" rel=\"nofollow noopener\" target=\"_blank\">mit hoher Geschwindigkeit durch das Zentrum von Mannheim, zwei Menschen sterben.<\/a> (Quelle: afp, dpa, TF1 Info, Sud Ouest, France Bleu) (jm)<\/p>\n","protected":false},"excerpt":{"rendered":"Startseite Panorama Stand: 06.11.2025, 06:50 Uhr Von: Julian Mayr DruckenTeilen Auf der franz\u00f6sischen Insel \u00cele d\u2019Ol\u00e9ron kam es&hellip;\n","protected":false},"author":2,"featured_media":554942,"comment_status":"","ping_status":"","sticky":false,"template":"","format":"standard","meta":{"footnotes":""},"categories":[3974],"tags":[331,332,548,663,3934,3980,156,13,14,15,12],"class_list":{"0":"post-554941","1":"post","2":"type-post","3":"status-publish","4":"format-standard","5":"has-post-thumbnail","7":"category-frankreich","8":"tag-aktuelle-nachrichten","9":"tag-aktuelle-news","10":"tag-eu","11":"tag-europa","12":"tag-europe","13":"tag-france","14":"tag-frankreich","15":"tag-headlines","16":"tag-nachrichten","17":"tag-news","18":"tag-schlagzeilen"},"share_on_mastodon":{"url":"https:\/\/pubeurope.com\/@de\/115501790128672220","error":""},"_links":{"self":[{"href":"https:\/\/www.europesays.com\/de\/wp-json\/wp\/v2\/posts\/554941","targetHints":{"allow":["GET"]}}],"collection":[{"href":"https:\/\/www.europesays.com\/de\/wp-json\/wp\/v2\/posts"}],"about":[{"href":"https:\/\/www.europesays.com\/de\/wp-json\/wp\/v2\/types\/post"}],"author":[{"embeddable":true,"href":"https:\/\/www.europesays.com\/de\/wp-json\/wp\/v2\/users\/2"}],"replies":[{"embeddable":true,"href":"https:\/\/www.europesays.com\/de\/wp-json\/wp\/v2\/comments?post=554941"}],"version-history":[{"count":0,"href":"https:\/\/www.europesays.com\/de\/wp-json\/wp\/v2\/posts\/554941\/revisions"}],"wp:featuredmedia":[{"embeddable":true,"href":"https:\/\/www.europesays.com\/de\/wp-json\/wp\/v2\/media\/554942"}],"wp:attachment":[{"href":"https:\/\/www.europesays.com\/de\/wp-json\/wp\/v2\/media?parent=554941"}],"wp:term":[{"taxonomy":"category","embeddable":true,"href":"https:\/\/www.europesays.com\/de\/wp-json\/wp\/v2\/categories?post=554941"},{"taxonomy":"post_tag","embeddable":true,"href":"https:\/\/www.europesays.com\/de\/wp-json\/wp\/v2\/tags?post=554941"}],"curies":[{"name":"wp","href":"https:\/\/api.w.org\/{rel}","templated":true}]}}