{"id":554946,"date":"2025-11-06T08:24:13","date_gmt":"2025-11-06T08:24:13","guid":{"rendered":"https:\/\/www.europesays.com\/de\/554946\/"},"modified":"2025-11-06T08:24:13","modified_gmt":"2025-11-06T08:24:13","slug":"china-elektroautobauer-europa-zentraler-teil-von-nios-globaler-vision","status":"publish","type":"post","link":"https:\/\/www.europesays.com\/de\/554946\/","title":{"rendered":"China-Elektroautobauer: Europa &#8222;zentraler Teil von Nios globaler Vision&#8220;"},"content":{"rendered":"<p>William Li, Gr\u00fcnder, Vorsitzender und CEO des chinesischen Elektroautobauers Nio und weitere Mitglieder des F\u00fchrungsteams haben mehrere europ\u00e4ische Standorte besucht. Die Reise verdeutlicht laut dem Unternehmen: Nio ist langfristig in der Region engagiert und nimmt fortw\u00e4hrend die Verbundenheit mit den Nutzern und nachhaltiges Wachstum in den Fokus. Sie bilde zugleich den H\u00f6hepunkt im Jubil\u00e4umsjahr \u2013 10 Jahre Nio in Europa \u2013 und unterstreiche den Ausbau der Pr\u00e4senz und Partnerschaften in Europa.<\/p>\n<p>In den vergangenen zehn Jahren hat Nio in Europa mit einem Direktvertriebsmodell in vier Kernm\u00e4rkten \u2013 Norwegen, Deutschland, den Niederlanden und Schweden \u2013 eine Grundlage in Europa geschaffen. Aufbauend darauf hat das Unternehmen im Juni 2025 eine neue Phase der regionalen Expansion eingeleitet: Mit dem General-Distributor-Modell will Nio seine Pr\u00e4senz in den Jahren 2025 bis 2027 auf weitere europ\u00e4ische M\u00e4rkte erweitern.<\/p>\n<p>\u201eEuropa ist ein zentraler Teil von Nios globaler Vision\u201c, sagt William Li. \u201eWir f\u00fchlen uns unseren Usern tief verbunden und st\u00e4rken unsere Pr\u00e4senz in Europa \u2013 durch Investitionen in Technologie, den Aufbau von Partnerschaften und den Ausbau unserer Community. Unser langfristiger Fokus bleibt bestehen, auch in einem sich wandelnden und wettbewerbsintensiven Markt.\u201c<\/p>\n<p>Im Oktober 2025 lieferte das Unternehmen weltweit 40.397 Fahrzeuge aus, ein Anstieg von 92,6 Prozent gegen\u00fcber dem Vorjahr und ein neuer monatlicher Rekord. Die kumulierten Auslieferungen beliefen sich bis Ende Oktober auf 913.182 Fahrzeuge. Die Kernmarke Nio hat k\u00fcnftig st\u00e4rker das Premiumsegment im Visier, den Massenmarkt sollen die neuen Marken <a href=\"https:\/\/ecomento.de\/2024\/12\/23\/nio-stellt-dritte-elektroauto-marke-firefly-vor-europa-start-fuer-2025-geplant\/\" target=\"_blank\" rel=\"noopener\">Firefly<\/a> (Artikelbild) und <a href=\"https:\/\/ecomento.de\/2024\/12\/30\/nio-neue-marke-onvo-soll-2025-nach-europa-kommen\/\" target=\"_blank\" rel=\"noopener\">Onvo<\/a> erobern.<\/p>\n<p>Im Rahmen der Europareise pr\u00e4sentierte Nio die neue Version Firefly Comfort. Dieses Spitzenmodell des Elektro-Kleinwagens verf\u00fcgt \u00fcber verbesserte Technologien wie elektrisch verstellbare, bel\u00fcftete und mit Massagefunktion ausgestattete Sitze im vorderen Bereich, ein Panorama-Glasdach sowie eine elektrische Heckklappe. Es ist zun\u00e4chst in den Niederlanden, Norwegen, Belgien und D\u00e4nemark erh\u00e4ltlich, die Auslieferungen laufen bereits.<\/p>\n<p>\u201eDas Modell steht f\u00fcr Nios n\u00e4chsten Schritt hin zu zug\u00e4nglicher, alltagstauglicher Elektromobilit\u00e4t und verdeutlicht den konsequent nutzerorientierten Innovationsansatz des Unternehmens\u201c, hei\u00dft es. Die Markteinf\u00fchrung laufe gerade und werde die Pr\u00e4senz des Unternehmens in allen Fahrzeugsegmenten weiter st\u00e4rken.<\/p>\n<p>In Europa arbeitet Nio mit Partnern wie ZF Friedrichshafen, Bosch, Covestro und BASF Coatings zusammen. \u201eAls innovationsorientiertes Unternehmen werden wir weiterhin neue Ma\u00dfst\u00e4be setzen und Mehrwert f\u00fcr unsere User durch Technologie und Design schaffen \u2026 Unsere Zusammenarbeit mit Partnern und unseren Teams in Europa ist ein entscheidender Treiber f\u00fcr diese Vision\u201c, so Li.<\/p>\n<p>Die Begegnungen mit Nutzern in Europa habe wertvolle Einblicke in lokale Bed\u00fcrfnisse und Alltagserfahrungen gegeben, erkl\u00e4rt der CEO abschlie\u00dfend. Dies habe die \u00dcberzeugung gest\u00e4rkt, dass Nutzerzufriedenheit und Vertrauen die Grundlage f\u00fcr k\u00fcnftiges Wachstum bilden. Li betonte: \u201eEuropa wird auch k\u00fcnftig eine Schl\u00fcsselrolle in Nios globaler Strategie einnehmen.\u201c<\/p>\n","protected":false},"excerpt":{"rendered":"William Li, Gr\u00fcnder, Vorsitzender und CEO des chinesischen Elektroautobauers Nio und weitere Mitglieder des F\u00fchrungsteams haben mehrere europ\u00e4ische&hellip;\n","protected":false},"author":2,"featured_media":554947,"comment_status":"","ping_status":"","sticky":false,"template":"","format":"standard","meta":{"footnotes":""},"categories":[3933],"tags":[331,332,227,548,663,158,3934,3935,13,14,15,12],"class_list":{"0":"post-554946","1":"post","2":"type-post","3":"status-publish","4":"format-standard","5":"has-post-thumbnail","7":"category-eu","8":"tag-aktuelle-nachrichten","9":"tag-aktuelle-news","10":"tag-china","11":"tag-eu","12":"tag-europa","13":"tag-europaeische-union","14":"tag-europe","15":"tag-european-union","16":"tag-headlines","17":"tag-nachrichten","18":"tag-news","19":"tag-schlagzeilen"},"share_on_mastodon":{"url":"https:\/\/pubeurope.com\/@de\/115501797797359745","error":""},"_links":{"self":[{"href":"https:\/\/www.europesays.com\/de\/wp-json\/wp\/v2\/posts\/554946","targetHints":{"allow":["GET"]}}],"collection":[{"href":"https:\/\/www.europesays.com\/de\/wp-json\/wp\/v2\/posts"}],"about":[{"href":"https:\/\/www.europesays.com\/de\/wp-json\/wp\/v2\/types\/post"}],"author":[{"embeddable":true,"href":"https:\/\/www.europesays.com\/de\/wp-json\/wp\/v2\/users\/2"}],"replies":[{"embeddable":true,"href":"https:\/\/www.europesays.com\/de\/wp-json\/wp\/v2\/comments?post=554946"}],"version-history":[{"count":0,"href":"https:\/\/www.europesays.com\/de\/wp-json\/wp\/v2\/posts\/554946\/revisions"}],"wp:featuredmedia":[{"embeddable":true,"href":"https:\/\/www.europesays.com\/de\/wp-json\/wp\/v2\/media\/554947"}],"wp:attachment":[{"href":"https:\/\/www.europesays.com\/de\/wp-json\/wp\/v2\/media?parent=554946"}],"wp:term":[{"taxonomy":"category","embeddable":true,"href":"https:\/\/www.europesays.com\/de\/wp-json\/wp\/v2\/categories?post=554946"},{"taxonomy":"post_tag","embeddable":true,"href":"https:\/\/www.europesays.com\/de\/wp-json\/wp\/v2\/tags?post=554946"}],"curies":[{"name":"wp","href":"https:\/\/api.w.org\/{rel}","templated":true}]}}