{"id":554953,"date":"2025-11-06T08:29:10","date_gmt":"2025-11-06T08:29:10","guid":{"rendered":"https:\/\/www.europesays.com\/de\/554953\/"},"modified":"2025-11-06T08:29:10","modified_gmt":"2025-11-06T08:29:10","slug":"alfter-klimarat-will-alfter-nach-vorne-bringen","status":"publish","type":"post","link":"https:\/\/www.europesays.com\/de\/554953\/","title":{"rendered":"Alfter: Klimarat will Alfter nach vorne bringen"},"content":{"rendered":"<p class=\"small date article__date\">Ver\u00f6ffentlicht:\u00a0Donnerstag, 06.11.2025 09:10<\/p>\n<p>In Alfter setzen sich ab sofort Handwerksbetriebe, Wissenschaft, Wirtschaft, Politik und die B\u00fcrger an einen Tisch &#8211; mit einem gemeinsamen Ziel: Die Stadt klimaneutral zu machen. Ab sofort gibt es in Alfter einen Klimarat.<\/p>\n<p><img decoding=\"async\" alt=\"\" src=\"https:\/\/www.europesays.com\/de\/wp-content\/uploads\/2025\/11\/co2-4767453_1280.jpg&#038;crop=0x23x1280x800&#038;resize=1280x800&#038;dt=202511060913550.jpeg\" data-size=\"1280x800\"\/><\/p>\n<p>Gegr\u00fcndet wurde der von dem gemeinn\u00fctzigen Verein &#8222;Dialog Gesundheit und Klima&#8220;. Im Mittelpunkt steht als Erstes die energetische Sanierung, hei\u00dft es. Gerade hier sieht der neue Klimarat gro\u00dfes Potenzial, da viele H\u00e4user in Alfter in die Jahre gekommen sind. Schon in der ersten Sitzung des Rates berichteten Fachleute, dass selbst \u00e4ltere H\u00e4user ohne gro\u00dfen Aufwand mit modernen, CO2-neutralen Heizungen ausgestattet werden k\u00f6nnten. Der Verein verfolgt nach eigenen Angaben keine parteipolitischen Ziele &#8211; man wolle nur zeigen, wie leicht Klimaschutz auch in Alfter funktionieren kann.<\/p>\n<p>\u00a0<\/p>\n","protected":false},"excerpt":{"rendered":"Ver\u00f6ffentlicht:\u00a0Donnerstag, 06.11.2025 09:10 In Alfter setzen sich ab sofort Handwerksbetriebe, Wissenschaft, Wirtschaft, Politik und die B\u00fcrger an einen&hellip;\n","protected":false},"author":2,"featured_media":554954,"comment_status":"","ping_status":"","sticky":false,"template":"","format":"standard","meta":{"footnotes":""},"categories":[1842],"tags":[65296,1741,3364,29,30,28558,1548,1209],"class_list":{"0":"post-554953","1":"post","2":"type-post","3":"status-publish","4":"format-standard","5":"has-post-thumbnail","7":"category-bonn","8":"tag-alfter","9":"tag-bonn","10":"tag-de","11":"tag-deutschland","12":"tag-germany","13":"tag-klimarat","14":"tag-klimaschutz","15":"tag-nordrhein-westfalen"},"share_on_mastodon":{"url":"https:\/\/pubeurope.com\/@de\/115501817836213770","error":""},"_links":{"self":[{"href":"https:\/\/www.europesays.com\/de\/wp-json\/wp\/v2\/posts\/554953","targetHints":{"allow":["GET"]}}],"collection":[{"href":"https:\/\/www.europesays.com\/de\/wp-json\/wp\/v2\/posts"}],"about":[{"href":"https:\/\/www.europesays.com\/de\/wp-json\/wp\/v2\/types\/post"}],"author":[{"embeddable":true,"href":"https:\/\/www.europesays.com\/de\/wp-json\/wp\/v2\/users\/2"}],"replies":[{"embeddable":true,"href":"https:\/\/www.europesays.com\/de\/wp-json\/wp\/v2\/comments?post=554953"}],"version-history":[{"count":0,"href":"https:\/\/www.europesays.com\/de\/wp-json\/wp\/v2\/posts\/554953\/revisions"}],"wp:featuredmedia":[{"embeddable":true,"href":"https:\/\/www.europesays.com\/de\/wp-json\/wp\/v2\/media\/554954"}],"wp:attachment":[{"href":"https:\/\/www.europesays.com\/de\/wp-json\/wp\/v2\/media?parent=554953"}],"wp:term":[{"taxonomy":"category","embeddable":true,"href":"https:\/\/www.europesays.com\/de\/wp-json\/wp\/v2\/categories?post=554953"},{"taxonomy":"post_tag","embeddable":true,"href":"https:\/\/www.europesays.com\/de\/wp-json\/wp\/v2\/tags?post=554953"}],"curies":[{"name":"wp","href":"https:\/\/api.w.org\/{rel}","templated":true}]}}