{"id":554963,"date":"2025-11-06T08:34:13","date_gmt":"2025-11-06T08:34:13","guid":{"rendered":"https:\/\/www.europesays.com\/de\/554963\/"},"modified":"2025-11-06T08:34:13","modified_gmt":"2025-11-06T08:34:13","slug":"zugausfaelle-zwischen-weiden-und-nuernberg-bahn-stuerzt-pendler-ins-chaos","status":"publish","type":"post","link":"https:\/\/www.europesays.com\/de\/554963\/","title":{"rendered":"Zugausf\u00e4lle zwischen Weiden und N\u00fcrnberg: Bahn st\u00fcrzt Pendler ins Chaos"},"content":{"rendered":"<p>\u00dcberraschend gibt die Bahn am Donnerstagmorgen bekannt, dass eine Baustelle nicht wie geplant fertiggestellt werden konnte. Das hat f\u00fcr Pendler von Weiden nach N\u00fcrnberg unangenehme Folgen.<\/p>\n<p><a href=\"https:\/\/www.onetz.de\/f\/ic\/ga-large\/articlemedia\/2025\/11\/06\/470ca736-2f88-4af3-90df-e30751c103b6.jpg\" class=\"ps-item\" data-psg=\"https:\/\/www.onetz.de\/oberpfalz\/weiden-oberpfalz\/1\" data-size=\"960x591\" data-caption=\"&lt;div&gt;Symbolbild: Bernd W\u00fcstneck \/ dpa&lt;\/div&gt;\u00dcberraschende Zugausf\u00e4lle sorgen f\u00fcr lange Wartezeiten.\" target=\"_blank\" rel=\"noopener\"><img loading=\"lazy\" decoding=\"async\" src=\"https:\/\/www.europesays.com\/de\/wp-content\/uploads\/2025\/11\/470ca736-2f88-4af3-90df-e30751c103b6.jpg\" alt=\"\u00dcberraschende Zugausf\u00e4lle sorgen f\u00fcr lange Wartezeiten. Symbolbild: Bernd W\u00fcstneck \/ dpa\" title=\"\" width=\"805\" height=\"453\" class=\"img-responsive\"\/><\/a><\/p>\n<p>\u00dcberraschende Zugausf\u00e4lle sorgen f\u00fcr lange Wartezeiten.<\/p>\n<p>Symbolbild: Bernd W\u00fcstneck \/ dpa<\/p>\n<p>Bahnchaos im Berufsverkehr auf der Strecke Weiden\u2013N\u00fcrnberg. Am Donnerstagmorgen sorgten Zugausf\u00e4lle f\u00fcr Versp\u00e4tungen und Wut bei Pendlern zwischen der Oberpfalz und Franken. Zwischen Weiden und Freihung konnten keine Z\u00fcge fahren.<\/p>\n<p>Tats\u00e4chlich galten Einschr\u00e4nkungen durch den Schienenersatzverkehr bereits in den vergangenen Tagen, ab diesem Donnerstag sollten die Z\u00fcge der DB-Regio aber wieder regul\u00e4r verkehren. Erst am fr\u00fchen Donnerstagmorgen gab die Bahn \u00fcber Social Media auf ihren Infoseiten bekannt, dass dies weiterhin nicht m\u00f6glich sein wird. \u201eAufgrund nicht planm\u00e4\u00dfig beendeter Bauma\u00dfnahmen kommt es auf der Linie RE 41 zwischen Neukirchen (bei Sulzbach-Rosenberg) und Weiden\/Neustadt weiterhin zu Beeintr\u00e4chtigungen\u201c, hei\u00dft es dort.<\/p>\n<p>Tats\u00e4chlich unterblieb aber wohl zun\u00e4chst auch der Ersatzverkehr, die Pendler strandeten auf den Bahnh\u00f6fen zwischen Freihung und Weiden. Von der Pressestelle der Bahn gab es auf Nachfrage hierf\u00fcr zun\u00e4chst keine Erkl\u00e4rung. M\u00f6glicherweise waren die Ersatzbusse f\u00fcr Donnerstag schlicht nicht mehr gebucht worden. Bahnkunden berichten, dass nach mehr als einer Stunde Wartezeit ein Kleinbus als Schienenersatz vorfuhr \u2013 f\u00fcr gesch\u00e4tzt mehr als 100 wartende Bahnkunden. Auf der Strecke zwischen Neustadt\/WN und Weiden setzte die Bahn laut eigener Aussage Taxis ein, um die Fahrg\u00e4ste zu transportieren.<\/p>\n","protected":false},"excerpt":{"rendered":"\u00dcberraschend gibt die Bahn am Donnerstagmorgen bekannt, dass eine Baustelle nicht wie geplant fertiggestellt werden konnte. Das hat&hellip;\n","protected":false},"author":2,"featured_media":554964,"comment_status":"","ping_status":"","sticky":false,"template":"","format":"standard","meta":{"footnotes":""},"categories":[1837],"tags":[2227,772,3364,29,30,12628,3783,12630,15005],"class_list":{"0":"post-554963","1":"post","2":"type-post","3":"status-publish","4":"format-standard","5":"has-post-thumbnail","7":"category-nuernberg","8":"tag-bahnverkehr","9":"tag-bayern","10":"tag-de","11":"tag-deutschland","12":"tag-germany","13":"tag-landkreis-neustadt-a-d-wn","14":"tag-nuernberg","15":"tag-region-weiden-neustadt-a-d-waldnaab","16":"tag-weiden-in-der-oberpfalz"},"share_on_mastodon":{"url":"https:\/\/pubeurope.com\/@de\/115501837503974896","error":""},"_links":{"self":[{"href":"https:\/\/www.europesays.com\/de\/wp-json\/wp\/v2\/posts\/554963","targetHints":{"allow":["GET"]}}],"collection":[{"href":"https:\/\/www.europesays.com\/de\/wp-json\/wp\/v2\/posts"}],"about":[{"href":"https:\/\/www.europesays.com\/de\/wp-json\/wp\/v2\/types\/post"}],"author":[{"embeddable":true,"href":"https:\/\/www.europesays.com\/de\/wp-json\/wp\/v2\/users\/2"}],"replies":[{"embeddable":true,"href":"https:\/\/www.europesays.com\/de\/wp-json\/wp\/v2\/comments?post=554963"}],"version-history":[{"count":0,"href":"https:\/\/www.europesays.com\/de\/wp-json\/wp\/v2\/posts\/554963\/revisions"}],"wp:featuredmedia":[{"embeddable":true,"href":"https:\/\/www.europesays.com\/de\/wp-json\/wp\/v2\/media\/554964"}],"wp:attachment":[{"href":"https:\/\/www.europesays.com\/de\/wp-json\/wp\/v2\/media?parent=554963"}],"wp:term":[{"taxonomy":"category","embeddable":true,"href":"https:\/\/www.europesays.com\/de\/wp-json\/wp\/v2\/categories?post=554963"},{"taxonomy":"post_tag","embeddable":true,"href":"https:\/\/www.europesays.com\/de\/wp-json\/wp\/v2\/tags?post=554963"}],"curies":[{"name":"wp","href":"https:\/\/api.w.org\/{rel}","templated":true}]}}