{"id":554967,"date":"2025-11-06T08:36:17","date_gmt":"2025-11-06T08:36:17","guid":{"rendered":"https:\/\/www.europesays.com\/de\/554967\/"},"modified":"2025-11-06T08:36:17","modified_gmt":"2025-11-06T08:36:17","slug":"landwirtschaft-der-extraklasse-in-hannover","status":"publish","type":"post","link":"https:\/\/www.europesays.com\/de\/554967\/","title":{"rendered":"Landwirtschaft der Extraklasse in Hannover"},"content":{"rendered":"<p class=\"date\">06.11.2025 \u2013 09:30<\/p>\n<p class=\"customer\">\n                        <a class=\"story-customer\" title=\"weiter zum newsroom von DLG Deutsche Landwirtschafts-Gesellschaft e.V.\" href=\"https:\/\/www.presseportal.de\/nr\/66182\" rel=\"nofollow noopener\" target=\"_blank\">DLG Deutsche Landwirtschafts-Gesellschaft e.V.<\/a>\n                    <\/p>\n<p><a class=\"glightbox event-trigger\" href=\"https:\/\/cache.pressmailing.net\/thumbnail\/story_hires\/075771e8-47a5-41b7-8d3b-6a7a3311776b\/231112SPFSPF70232.jpg.jpg\" data-description=\"Eindruck der AGRITECHNICA 2023 in Hannover. Neben Traktoren werden hier u.a. auch Feldh\u00e4cksler pr\u00e4sentiert. \/ Weiterer Text \u00fcber ots und www.presseportal.de\/nr\/66182 \/ Die Verwendung dieses Bildes f\u00fcr redaktionelle Zwecke ist unter Beachtung aller mitgeteilten Nutzungsbedingungen zul\u00e4ssig und dann auch honorarfrei. Ver\u00f6ffentlichung ausschlie\u00dflich mit Bildrechte-Hinweis.\" data-category=\"medialightbox\" data-action=\"click\" data-label=\"single\" data-value=\"690c5364270000fd2ce76ab7\" rel=\"nofollow noopener\" target=\"_blank\"><img decoding=\"async\" height=\"540\" with=\"720\" src=\"https:\/\/www.europesays.com\/de\/wp-content\/uploads\/2025\/11\/landwirtschaft-der-extraklasse-in-hannover.jpeg\"   alt=\"Landwirtschaft der Extraklasse in Hannover\" class=\"single\"\/><\/a><\/p>\n<p><a data-category=\"citylink-story-view\" data-action=\"click\" data-label=\"Citylink in Meldungsansicht\" class=\"story-city event-trigger\" href=\"https:\/\/www.presseportal.de\/regional\/Frankfurt\" title=\"News aus Frankfurt \" rel=\"nofollow noopener\" target=\"_blank\">Frankfurt<\/a> (ots)<\/p>\n<p><b>AGRITECHNICA, die gr\u00f6\u00dfte Landtechnikmesse der Welt, bietet alle zwei Jahre Einblicke in die neusten Innovationen und Trends der Landwirtschaft. Nun findet die Messe vom 9. bis 15. November 2025 wieder in Hannover statt. Die DLG (Deutsche Landwirtschafts-Gesellschaft) als Veranstalter rechnet mit rund 2.800 Ausstellern und 430.000 Besuchern. <\/b><\/p>\n<p> Unkrautbek\u00e4mpfung mithilfe von KI, autonome Feldroboter, Traktoren der Extraklasse&#8230; Die professionelle Landwirtschaft von heute ist l\u00e4ngst im digitalen Zeitalter angekommen. Gleichzeitig gibt es auf dem Weg der digitalen und nachhaltigen Transformation der Landwirtschaft noch offene Fragen. Unter dem Leitthema &#8222;Touch Smart Efficiency&#8220; adressiert die Messe u.a. die Interoperabilit\u00e4t digitaler L\u00f6sungen unterschiedlicher Hersteller sowie die Vernetzung unterschiedlicher Datens\u00e4tze f\u00fcr eine standortoptimierte Nutzung modernster Technologien und bietet modernste Technologien zum Anfassen &#8211; praxisnah und interaktiv. <\/p>\n<p> Mit Ausstellern aus 52 L\u00e4ndern untermauert die Agritechnica ihren Status als Weltleitmesse f\u00fcr Landtechnik: Sie gilt als Dreh- und Angelpunkt f\u00fcr Investitionsentscheidungen internationaler Branchenprofis und bestimmt somit die Entwicklung, die die globale Landwirtschaft in Zukunft nehmen wird, ma\u00dfgeblich mit. Hier sind alle global operierenden Landtechnikunternehmen vertreten. <\/p>\n<p><b>Spotlight auf KI und die Digitalisierung der Landwirtschaft<\/b><\/p>\n<p> Passend zum Leitthema feiert in diesem Jahr das &#8222;Digital Farm Center&#8220; auf der AGRITECHNICA Premiere. In Halle 21 k\u00f6nnen sich Fachbesucher umfassend \u00fcber die neuesten Entwicklungen in Automatisierung, Digitalisierung, Robotik und K\u00fcnstlicher Intelligenz informieren. Begleitend dazu bietet das Fachprogramm auf der Agritechnica Informationen zu hochpr\u00e4zisen Pflanzenschutztechnik mithilfe von KI-Algorithmen, Praxiserfahrungen zum Einsatz autonomer Feldroboter oder auch die Auswirkungen des europ\u00e4ischen Data Act auf die landwirtschaftliche Praxis. <\/p>\n<p> Technologische Entwicklungen in der Landtechnik von der Agrar-Elektronik \u00fcber Vernetzung und Automatisierung bis hin zu innovativen Antriebstechnologien sind Thema im Bereich der Partnermesse &#8222;SYSTEMS &amp; COMPONENTS&#8220;. Die Entwicklung von angepassten Batteriesystemen f\u00fcr E-Mobilit\u00e4t im Landwirtschaftssektor ist eine der Fragestellungen, die hier adressiert wird. <\/p>\n<p> Elementare Grundvoraussetzung f\u00fcr eine leistungsstarke und zugleich nachhaltige Landwirtschaft ist der gesunde Boden. Das Themen-Spotlight &#8222;Soil Health&#8220; widmet sich passend dazu innovativen Konzepten zur St\u00e4rkung der Bodenbiodiversit\u00e4t. <\/p>\n<p class=\"contact-headline\">Pressekontakt:<\/p>\n<p class=\"contact-text\">Jana Sondermann<br \/>DLG e.V.<br \/>Eschborner Landstra\u00dfe 122<br \/>60489 Frankfurt<br \/>Deutschland\/Germany<br \/>Tel. +49 6924788-447<br \/><a href=\"https:\/\/www.presseportal.de\/pm\/66182\/mailto: j.sondermann@dlg.org\" class=\"uri-mailto\" rel=\"nofollow noopener\" target=\"_blank\"> j.sondermann@dlg.org<\/a><br \/><a target=\"_blank\" class=\"uri-ext outbound\" rel=\"noopener nofollow\" href=\"https:\/\/www.DLG.org\">www.DLG.org<\/a><\/p>\n<p class=\"originator\">Original-Content von: DLG Deutsche Landwirtschafts-Gesellschaft e.V., \u00fcbermittelt durch news aktuell<\/p>\n","protected":false},"excerpt":{"rendered":"06.11.2025 \u2013 09:30 DLG Deutsche Landwirtschafts-Gesellschaft e.V. Frankfurt (ots) AGRITECHNICA, die gr\u00f6\u00dfte Landtechnikmesse der Welt, bietet alle zwei&hellip;\n","protected":false},"author":2,"featured_media":554968,"comment_status":"","ping_status":"","sticky":false,"template":"","format":"standard","meta":{"footnotes":""},"categories":[1836],"tags":[36814,113625,3477,3364,29,1081,30,46,14764,4615,3800,1411,178,180,179,181,425,18867],"class_list":{"0":"post-554967","1":"post","2":"type-post","3":"status-publish","4":"format-standard","5":"has-post-thumbnail","7":"category-hannover","8":"tag-agrar","9":"tag-agritechnica","10":"tag-bild","11":"tag-de","12":"tag-deutschland","13":"tag-digitalisierung","14":"tag-germany","15":"tag-hannover","16":"tag-knstliche-intelligenz","17":"tag-landwirtschaft","18":"tag-messen","19":"tag-niedersachsen","20":"tag-presse","21":"tag-pressemeldung","22":"tag-pressemitteilung","23":"tag-pressemitteilungen","24":"tag-technologie","25":"tag-terminvorschau"},"share_on_mastodon":{"url":"https:\/\/pubeurope.com\/@de\/115501845208109782","error":""},"_links":{"self":[{"href":"https:\/\/www.europesays.com\/de\/wp-json\/wp\/v2\/posts\/554967","targetHints":{"allow":["GET"]}}],"collection":[{"href":"https:\/\/www.europesays.com\/de\/wp-json\/wp\/v2\/posts"}],"about":[{"href":"https:\/\/www.europesays.com\/de\/wp-json\/wp\/v2\/types\/post"}],"author":[{"embeddable":true,"href":"https:\/\/www.europesays.com\/de\/wp-json\/wp\/v2\/users\/2"}],"replies":[{"embeddable":true,"href":"https:\/\/www.europesays.com\/de\/wp-json\/wp\/v2\/comments?post=554967"}],"version-history":[{"count":0,"href":"https:\/\/www.europesays.com\/de\/wp-json\/wp\/v2\/posts\/554967\/revisions"}],"wp:featuredmedia":[{"embeddable":true,"href":"https:\/\/www.europesays.com\/de\/wp-json\/wp\/v2\/media\/554968"}],"wp:attachment":[{"href":"https:\/\/www.europesays.com\/de\/wp-json\/wp\/v2\/media?parent=554967"}],"wp:term":[{"taxonomy":"category","embeddable":true,"href":"https:\/\/www.europesays.com\/de\/wp-json\/wp\/v2\/categories?post=554967"},{"taxonomy":"post_tag","embeddable":true,"href":"https:\/\/www.europesays.com\/de\/wp-json\/wp\/v2\/tags?post=554967"}],"curies":[{"name":"wp","href":"https:\/\/api.w.org\/{rel}","templated":true}]}}