{"id":554975,"date":"2025-11-06T08:40:18","date_gmt":"2025-11-06T08:40:18","guid":{"rendered":"https:\/\/www.europesays.com\/de\/554975\/"},"modified":"2025-11-06T08:40:18","modified_gmt":"2025-11-06T08:40:18","slug":"niedersachsen-bremen-auto-ueberschlaegt-sich-zwei-schwerverletzte-auf-a33","status":"publish","type":"post","link":"https:\/\/www.europesays.com\/de\/554975\/","title":{"rendered":"Niedersachsen &#038; Bremen: Auto \u00fcberschl\u00e4gt sich: Zwei Schwerverletzte auf A33"},"content":{"rendered":"<p>                    Niedersachsen &amp; Bremen<br \/>\n                Auto \u00fcberschl\u00e4gt sich: Zwei Schwerverletzte auf A33<\/p>\n<p>\t\t\t\t              06.11.2025, 08:49 Uhr<\/p>\n<p><strong>S\u00fcdlich von Osnabr\u00fcck f\u00e4hrt ein 74-J\u00e4hriger beim Spurwechsel einem anderen Auto auf. Die Folge sind Verletzungen, ein hoher Sachschaden und eine lange Sperrung.<\/strong><\/p>\n<p>Dissen am Teutoburger Wald (dpa\/lni) &#8211; Bei einem Unfall auf der A33 sind zwei Menschen schwer verletzt worden. Nach ersten Erkenntnissen sei ein 74-J\u00e4hriger beim Spurwechsel vor einem Tunnel bei Dissen (Landkreis Osnabr\u00fcck) einer 30-J\u00e4hrigen aufgefahren, wie die Polizei mitteilte.<\/p>\n<p>Der Wagen des Mannes habe sich dabei \u00fcberschlagen. Er erlitt schwere Verletzungen, vor\u00fcbergehend bestand Lebensgefahr. Die Frau sei nach dem Unfall am Nachmittag ebenfalls schwer verletzt ins Krankenhaus gebracht worden.\u00a0<\/p>\n<p>Die A33 war f\u00fcr die Bergungsarbeiten bis in den Morgen in Richtung Bielefeld voll gesperrt gewesen.<\/p>\n","protected":false},"excerpt":{"rendered":"Niedersachsen &amp; Bremen Auto \u00fcberschl\u00e4gt sich: Zwei Schwerverletzte auf A33 06.11.2025, 08:49 Uhr S\u00fcdlich von Osnabr\u00fcck f\u00e4hrt ein&hellip;\n","protected":false},"author":2,"featured_media":554976,"comment_status":"","ping_status":"","sticky":false,"template":"","format":"standard","meta":{"footnotes":""},"categories":[1824],"tags":[513,2420,3364,29,30,1411,9960,4910],"class_list":{"0":"post-554975","1":"post","2":"type-post","3":"status-publish","4":"format-standard","5":"has-post-thumbnail","7":"category-bremen","8":"tag-auto","9":"tag-bremen","10":"tag-de","11":"tag-deutschland","12":"tag-germany","13":"tag-niedersachsen","14":"tag-schwerverletzte","15":"tag-zwei"},"share_on_mastodon":{"url":"https:\/\/pubeurope.com\/@de\/115501860521883837","error":""},"_links":{"self":[{"href":"https:\/\/www.europesays.com\/de\/wp-json\/wp\/v2\/posts\/554975","targetHints":{"allow":["GET"]}}],"collection":[{"href":"https:\/\/www.europesays.com\/de\/wp-json\/wp\/v2\/posts"}],"about":[{"href":"https:\/\/www.europesays.com\/de\/wp-json\/wp\/v2\/types\/post"}],"author":[{"embeddable":true,"href":"https:\/\/www.europesays.com\/de\/wp-json\/wp\/v2\/users\/2"}],"replies":[{"embeddable":true,"href":"https:\/\/www.europesays.com\/de\/wp-json\/wp\/v2\/comments?post=554975"}],"version-history":[{"count":0,"href":"https:\/\/www.europesays.com\/de\/wp-json\/wp\/v2\/posts\/554975\/revisions"}],"wp:featuredmedia":[{"embeddable":true,"href":"https:\/\/www.europesays.com\/de\/wp-json\/wp\/v2\/media\/554976"}],"wp:attachment":[{"href":"https:\/\/www.europesays.com\/de\/wp-json\/wp\/v2\/media?parent=554975"}],"wp:term":[{"taxonomy":"category","embeddable":true,"href":"https:\/\/www.europesays.com\/de\/wp-json\/wp\/v2\/categories?post=554975"},{"taxonomy":"post_tag","embeddable":true,"href":"https:\/\/www.europesays.com\/de\/wp-json\/wp\/v2\/tags?post=554975"}],"curies":[{"name":"wp","href":"https:\/\/api.w.org\/{rel}","templated":true}]}}