{"id":554986,"date":"2025-11-06T08:47:13","date_gmt":"2025-11-06T08:47:13","guid":{"rendered":"https:\/\/www.europesays.com\/de\/554986\/"},"modified":"2025-11-06T08:47:13","modified_gmt":"2025-11-06T08:47:13","slug":"rb-leipzig-verletzungs-rueckschlag-fuer-dfb-star-benjamin-henrichs-sport","status":"publish","type":"post","link":"https:\/\/www.europesays.com\/de\/554986\/","title":{"rendered":"RB Leipzig: Verletzungs-R\u00fcckschlag f\u00fcr DFB-Star Benjamin Henrichs | Sport"},"content":{"rendered":"<p><b>Wenn Bundestrainer Julian Nagelsmann (38) am heutigen Mittag seinen Kader f\u00fcr die WM-Spiele gegen Luxemburg und die Slowakei bekanntgibt, fehlt sein Name. Benjamin Henrichs (28) war immer eine feste Gr\u00f6\u00dfe im DFB-Team, doch er muss sich weiter gedulden.<\/b><\/p>\n<p>Kurz vor Weihnachten im vergangenen Jahr, beim 1:5 gegen die Bayern, hat sich der Au\u00dfenverteidiger von RB Leipzig die Achillessehne im rechten Fu\u00df gerissen. Wie geht es ihm?<\/p>\n<p><b>Urspr\u00fcnglich war mal von einer R\u00fcckkehr im August die Rede, zuletzt hie\u00df es im November. Nach BILD-Informationen ist Henrichs auf einem guten Weg, doch in diesem Jahr wird er nicht mehr zum Einsatz kommen. Aktuell befindet er sich noch nicht im Mannschaftstraining.<\/b><\/p>\n<p>Mehr zum Thema<\/p>\n<p>Im neuen Jahr will Henrichs dann voll angreifen. Ein halbes Jahr bliebe ihm dann noch, um sich f\u00fcr die WM im Sommer in den USA, Kanada und Mexiko zu empfehlen. Bei <a href=\"https:\/\/www.bild.de\/sport\/fussball\/rb-leipzig\/startseite-leipzig-31148870.bild.html\" class=\"text-link\" target=\"_blank\" rel=\"noopener\">RB Leipzig<\/a> hat Henrichs (Vertrag bis 2028) einen hohen Stand, wird wegen seiner Qualit\u00e4t und seiner Mentalit\u00e4t gesch\u00e4tzt.<\/p>\n<p>Auch interessant<\/p>\n<p>Anzeige<\/p>\n<p>Auch interessant<\/p>\n<p>Anzeige<\/p>\n<p><b>Ein Jahr Ausfallzeit ist bei der Schwere der Verletzung keine Ausnahme, allein neun Monate werden f\u00fcr die Heilung veranschlagt. Und Henrichs wurde zwischenzeitlich ja auch noch ein zweites Mal operiert. Wegen anhaltender Schmerzen war im April ein zweiter Eingriff notwendig gewesen, danach konnte er endlich schmerzfrei trainieren.<\/b><\/p>\n<p>Es ist ein langer Weg zur\u00fcck zum Comeback. Auf Instagram (220.000 Follower) und mit einer <a href=\"https:\/\/www.bild.de\/sport\/fussball\/rb-leipzig-so-hilft-die-freundin-benjamin-henrichs-beim-comeback-67dc23d6559c903aae816364\" class=\"text-link\" target=\"_blank\" rel=\"noopener\">eigenen YouTube-Doku<\/a> l\u00e4sst Henrichs seine Fans daran teilhaben, er z\u00e4hlt die Tage. So schrieb er letzte Woche zum Beispiel: \u201eReha Tag 300! Endlich wieder am Ball! Auch wenn die Motivation manchmal fehlt, Disziplin setzt sich durch. Hoffentlich sehen wir uns bald wieder auf dem Platz.\u201c<\/p>\n<p>Das w\u00fcnschen ihm wirklich alle &#8230;<\/p>\n<p>Brennpunkt-Folge: Leipzigs neuer Super-Teenie &#8211; Die Story von Diomande!<a class=\"anchor video-teaser__anchor\" href=\"https:\/\/www.bild.de\/sport\/fussball\/brennpunkt-folge-leipzigs-neuer-super-teenie-die-story-von-diomande-690b6450c629456c30f8b23e\" target=\"_blank\" rel=\"noopener\"><img decoding=\"async\" width=\"992\" height=\"558\" alt=\"\" src=\"https:\/\/www.europesays.com\/de\/wp-content\/uploads\/2025\/11\/86307056d39ad1ef82d0632723e05ad5,b2ef89d0\"   class=\"landscape teaser__image\" loading=\"lazy\"\/><\/a><\/p>\n<p>Quelle: BILD05.11.2025<\/p>\n<p>Leipzig wohl ohne Lukeba in Hoffenheim<\/p>\n<p><b>Vor der L\u00e4nderspielpause will <\/b><a href=\"https:\/\/www.bild.de\/sport\/fussball\/rb-leipzig\/startseite-leipzig-31148870.bild.html\" class=\"text-link\" target=\"_blank\" rel=\"noopener\"><b>RB Leipzig<\/b><\/a><b> mit einem Sieg Platz zwei festigen \u2013 es geht zur wiedererstarkten TSG Hoffenheimer. Aber auch Leipzig ist in Topform: Mit 22 Punkten nach neun Spieltagen hat der Bundesligist die beste Zwischenbilanz der Klubgeschichte.<\/b><\/p>\n<p>Personell: Castello Lukeba (22) konnte die Woche nicht voll trainieren, nachdem er gegen Stuttgart bei einem Zweikampf auf die rechte Schulter gefallen war. Heute oder morgen soll es noch mal einen Belastungstest geben. Die klare Tendenz jedoch nach BILD-Informationen: Der Franzose kann nicht ran, als Ersatz steht El Chadaille Bitshiabu (20) bereit.<\/p>\n","protected":false},"excerpt":{"rendered":"Wenn Bundestrainer Julian Nagelsmann (38) am heutigen Mittag seinen Kader f\u00fcr die WM-Spiele gegen Luxemburg und die Slowakei&hellip;\n","protected":false},"author":2,"featured_media":554987,"comment_status":"","ping_status":"","sticky":false,"template":"","format":"standard","meta":{"footnotes":""},"categories":[1832],"tags":[484,30282,3364,1260,29,481,538,30,32964,71,24705,1655,859,803,3460,4581,45,2915],"class_list":{"0":"post-554986","1":"post","2":"type-post","3":"status-publish","4":"format-standard","5":"has-post-thumbnail","7":"category-leipzig","8":"tag-1899-hoffenheim","9":"tag-bitshiabu-el-chadaille","10":"tag-de","11":"tag-deutsche-nationalmannschaft","12":"tag-deutschland","13":"tag-dfb","14":"tag-erste-bundesliga","15":"tag-germany","16":"tag-henrichs-benjamin","17":"tag-leipzig","18":"tag-nagelsmann-julian","19":"tag-rb-leipzig","20":"tag-sachsen","21":"tag-spielertransfer","22":"tag-sport-leuchtturm-leipzig","23":"tag-sport-tag-im-ticker","24":"tag-texttospeech","25":"tag-vfb-stuttgart"},"share_on_mastodon":{"url":"https:\/\/pubeurope.com\/@de\/115501888588619636","error":""},"_links":{"self":[{"href":"https:\/\/www.europesays.com\/de\/wp-json\/wp\/v2\/posts\/554986","targetHints":{"allow":["GET"]}}],"collection":[{"href":"https:\/\/www.europesays.com\/de\/wp-json\/wp\/v2\/posts"}],"about":[{"href":"https:\/\/www.europesays.com\/de\/wp-json\/wp\/v2\/types\/post"}],"author":[{"embeddable":true,"href":"https:\/\/www.europesays.com\/de\/wp-json\/wp\/v2\/users\/2"}],"replies":[{"embeddable":true,"href":"https:\/\/www.europesays.com\/de\/wp-json\/wp\/v2\/comments?post=554986"}],"version-history":[{"count":0,"href":"https:\/\/www.europesays.com\/de\/wp-json\/wp\/v2\/posts\/554986\/revisions"}],"wp:featuredmedia":[{"embeddable":true,"href":"https:\/\/www.europesays.com\/de\/wp-json\/wp\/v2\/media\/554987"}],"wp:attachment":[{"href":"https:\/\/www.europesays.com\/de\/wp-json\/wp\/v2\/media?parent=554986"}],"wp:term":[{"taxonomy":"category","embeddable":true,"href":"https:\/\/www.europesays.com\/de\/wp-json\/wp\/v2\/categories?post=554986"},{"taxonomy":"post_tag","embeddable":true,"href":"https:\/\/www.europesays.com\/de\/wp-json\/wp\/v2\/tags?post=554986"}],"curies":[{"name":"wp","href":"https:\/\/api.w.org\/{rel}","templated":true}]}}