{"id":555323,"date":"2025-11-06T11:59:12","date_gmt":"2025-11-06T11:59:12","guid":{"rendered":"https:\/\/www.europesays.com\/de\/555323\/"},"modified":"2025-11-06T11:59:12","modified_gmt":"2025-11-06T11:59:12","slug":"danach-folgt-wolken-nebel-mix-november-verschafft-uns-nachschlag-mit-sonnigem-herbstwetter","status":"publish","type":"post","link":"https:\/\/www.europesays.com\/de\/555323\/","title":{"rendered":"Danach folgt Wolken-Nebel-Mix: November verschafft uns Nachschlag mit sonnigem Herbstwetter"},"content":{"rendered":"<p>                    Danach folgt Wolken-Nebel-Mix<br \/>\n                November verschafft uns Nachschlag mit sonnigem Herbstwetter<\/p>\n<p>\t\t\t\t              06.11.2025, 12:08 Uhr<\/p>\n<p>\t\t\t\t\t       Artikel anh\u00f6ren<\/p>\n<p>\t\t\t\t\t\t\tDiese Audioversion wurde k\u00fcnstlich generiert. <a href=\"https:\/\/www.n-tv.de\/23249898\" rel=\"nofollow noopener\" target=\"_blank\">Mehr Infos<\/a><\/p>\n<p>Nach dem grauen Oktober geht es in weiten Teilen Deutschlands derzeit sch\u00f6n zu: Sonne und angenehme Temperaturen an vielen Orten. Doch in der Zukunft verdichten sich bereits die Anzeichen f\u00fcr einen Wintereinbruch, erkl\u00e4rt ntv-Meteorologe Bj\u00f6rn Alexander. <\/p>\n<p><b>ntv.de: Nach dem eher grauen Oktober will es der Herbst im November wohl besser machen. Wie warm und golden ist es?<\/b><\/p>\n<p>Bj\u00f6rn Alexander: Nachdem der gesamte Oktober entlang der breiten Mitte unseres Landes zum Teil kaum 40 Sonnenstunden gebracht hat, sind hier alleine am Mittwoch verbreitet 6 bis knapp 9 sonnige Betriebsstunden zusammen gekommen. Gleichzeitig bewegen wir uns an einigen Wetterstationen im Bereich der Novemberrekorde. <\/p>\n<p><b>Wo war es am w\u00e4rmsten?<\/b><\/p>\n<p>Mit F\u00f6hn lagen die Hotspots im Bereich der Mittelgebirge. Pabstorf in Sachsen-Anhalt vermeldete am Mittwoch 21 Grad. Ein Wert, der sicherlich noch \u00fcberpr\u00fcft werden muss, da er ziemlich heraussticht. Ansonsten gab es an einige Stationenon knapp 20 Grad &#8211; beispielsweise in Helmstedt-Emmerstedt (Niedersachsen), in Wernigerode oder in Quedlinburg (beides Sachsen-Anhalt).<\/p>\n<p><b>Welche Temperaturen m\u00fcssten f\u00fcr Deutschlandrekorde erreicht werden?<\/b><\/p>\n<p>\u00dcber 25 Grad m\u00fcssten es schon sein. Die Top 3 liegen zwischen 24,8 und 25,9 Grad. Daf\u00fcr hat es bei weitem nicht gereicht und wird es in den kommenden Tagen auch nicht.<\/p>\n<p><b>Ist das jetzt denn schon die von einigen Medien beschriebene &#8222;Hitzewelle&#8220;?<\/b><\/p>\n<p>Auch wenn die Temperaturen sich deutlich \u00fcber dem jahreszeitlichen Durchschnitt bewegen, so tue ich mich doch sehr schwer, bei diesen Werten von &#8222;Hitze&#8220; zu sprechen. Das spiegelt meines Erachtens die Situation und die Bedeutung der Hitzebelastung im Vergleich zu sommerlicher Hitze, die per Definition erst ab 30 Grad erreicht ist, \u00fcberhaupt nicht wider. Zudem m\u00fcsste eine Hitzewelle \u00fcber mindestens drei bis f\u00fcnf Tage anhalten.<\/p>\n<p><b>Und das wird sie vermutlich nicht, oder?<\/b><\/p>\n<p>Eher nicht. Zwar gibt es jetzt nochmal einen Nachschlag des oft sonnigen und sehr milden Herbstwetters. Doch schon zum Wochenende wird der November seinem Ruf als graue Eminenz vermehrt gerecht werden.<\/p>\n<p><b>Wie sind die Aussichten im Detail?<\/b><\/p>\n<p>Nach einer teilweise frostigen Nacht mit mitunter dichten Nebelfeldern, geht es am Freitag vor allem von der Donau bis in die Landesmitte oft neblig los. Und auch im Norden dominiert zum Teil ein tr\u00fcbes Dauergrau. Abseits von Nebel oder Hochnebel wird es aber nochmals freundlich bis sonnig. Dazu mit Sonne im Westen bis 17 Grad, im Dauernebel kann es dagegen auch schon mal dauerfrostig bleiben.<\/p>\n<p><b>Und am Wochenende?<\/b><\/p>\n<p>Blitzt zumindest am Samstag am Niederrhein sowie im Osten und an den Alpen die Sonne auf. Im gro\u00dfen Rest des Landes \u00fcberwiegt der graue Wolken-Nebel-Mix, der dann auch das Geschehen am Sonntag dominieren d\u00fcrfte. Hier und da f\u00e4llt dabei etwas Regen oder Nieselregen. Das Ganze am Samstag bei um die 0 Grad im Nebel und bis zu 14 Grad mit Sonne. Am Sonntag n\u00e4hern sich die Temperaturen etwas an und bringen es auf 2 bis 13 Grad.<\/p>\n<p><b>Wohin schwingt das Wetterpendel in der kommenden Woche?<\/b><\/p>\n<p>Zun\u00e4chst bleibt es beim ruhigen und teils tr\u00fcben, teils freundlichen Herbstwetter mit H\u00f6chstwerten zwischen 7 und 13 Grad. Vereinzelt ist hierbei weiterhin etwas Spr\u00fchregen oder die sogenannte Nebeln\u00e4sse m\u00f6glich. Aber mengentechnisch f\u00e4llt das kaum ins Gewicht, w\u00e4hrend die Tiefdruckgebiete samt Unwettergefahr andernorts in Europa deutlich aufdringlicher sind.<\/p>\n<p><b>Wo ist es besonders heftig?<\/b><\/p>\n<p>Bis zum Wochenende sind vor allem in S\u00fcdfrankreich, im Norden Spaniens und Portugal sowie generell am westlichen Mittelmeer teilweise kr\u00e4ftige Gewitter unterwegs. Den Hauptschwerpunkt sehen die Wettercomputer dabei im Bereich zwischen Toulouse, Marseille und den Pyren\u00e4en. Manche Wettermodelle spekulieren punktuell auf Regenmengen \u00fcber 200 Liter pro Quadratmeter &#8211; mit der Gefahr von Erdrutschen und \u00dcberschwemmungen!<\/p>\n<p><b>Zum Schluss noch die Frage, die die Winterfreunde unter uns besch\u00e4ftigen d\u00fcrfte: Ab wann erscheinen Schnee und Frost auf unseren Wetterkarten?<\/b><\/p>\n<p>Auch wenn es wettertechnisch derzeit bei uns gem\u00e4chlich zugeht, so mehren sich doch die Anzeichen, dass der November m\u00f6glicherweise im letzten Monatsdrittel die Gangart wechseln m\u00f6chte. Grund sind die Ans\u00e4tze einiger Wettermodelle, dass sich in den kommenden zwei Wochen ein starkes und station\u00e4res Gr\u00f6nlandhoch bilden k\u00f6nnte. <\/p>\n<p><b>Was w\u00fcrde das f\u00fcr unser Wetter konkret bedeuten?<\/b><\/p>\n<p>Sollte es tats\u00e4chlich so kommen, dann w\u00fcrde das die Wahrscheinlichkeit f\u00fcr einen Wintereinbruch bis herunter ins Flachland deutlich erh\u00f6hen. Sowohl im letzten Novemberdrittel als auch bis in den Dezember hinein. Ein Ansatz, der auch von einem Teil der experimentellen Langfristvorhersagen gest\u00fctzt wird. Sprich: Die Weichenstellung f\u00fcr den Start in den Winter 2025\/2026 l\u00e4uft auf Hochtouren und k\u00f6nnte uns m\u00f6glicherweise die ein oder andere \u00dcberraschung bringen &#8211; wir d\u00fcrfen gespannt sein.<\/p>\n","protected":false},"excerpt":{"rendered":"Danach folgt Wolken-Nebel-Mix November verschafft uns Nachschlag mit sonnigem Herbstwetter 06.11.2025, 12:08 Uhr Artikel anh\u00f6ren Diese Audioversion wurde&hellip;\n","protected":false},"author":2,"featured_media":555324,"comment_status":"","ping_status":"","sticky":false,"template":"","format":"standard","meta":{"footnotes":""},"categories":[1773],"tags":[29,214,30,984,471,1780,215,1973],"class_list":{"0":"post-555323","1":"post","2":"type-post","3":"status-publish","4":"format-standard","5":"has-post-thumbnail","7":"category-serien","8":"tag-deutschland","9":"tag-entertainment","10":"tag-germany","11":"tag-international","12":"tag-serien","13":"tag-series","14":"tag-unterhaltung","15":"tag-wetter"},"share_on_mastodon":{"url":"https:\/\/pubeurope.com\/@de\/115502642863218039","error":""},"_links":{"self":[{"href":"https:\/\/www.europesays.com\/de\/wp-json\/wp\/v2\/posts\/555323","targetHints":{"allow":["GET"]}}],"collection":[{"href":"https:\/\/www.europesays.com\/de\/wp-json\/wp\/v2\/posts"}],"about":[{"href":"https:\/\/www.europesays.com\/de\/wp-json\/wp\/v2\/types\/post"}],"author":[{"embeddable":true,"href":"https:\/\/www.europesays.com\/de\/wp-json\/wp\/v2\/users\/2"}],"replies":[{"embeddable":true,"href":"https:\/\/www.europesays.com\/de\/wp-json\/wp\/v2\/comments?post=555323"}],"version-history":[{"count":0,"href":"https:\/\/www.europesays.com\/de\/wp-json\/wp\/v2\/posts\/555323\/revisions"}],"wp:featuredmedia":[{"embeddable":true,"href":"https:\/\/www.europesays.com\/de\/wp-json\/wp\/v2\/media\/555324"}],"wp:attachment":[{"href":"https:\/\/www.europesays.com\/de\/wp-json\/wp\/v2\/media?parent=555323"}],"wp:term":[{"taxonomy":"category","embeddable":true,"href":"https:\/\/www.europesays.com\/de\/wp-json\/wp\/v2\/categories?post=555323"},{"taxonomy":"post_tag","embeddable":true,"href":"https:\/\/www.europesays.com\/de\/wp-json\/wp\/v2\/tags?post=555323"}],"curies":[{"name":"wp","href":"https:\/\/api.w.org\/{rel}","templated":true}]}}