{"id":555412,"date":"2025-11-06T12:50:14","date_gmt":"2025-11-06T12:50:14","guid":{"rendered":"https:\/\/www.europesays.com\/de\/555412\/"},"modified":"2025-11-06T12:50:14","modified_gmt":"2025-11-06T12:50:14","slug":"dynamo-dresden-stamm-wettert-gegen-stammtisch-geschwafel-sport","status":"publish","type":"post","link":"https:\/\/www.europesays.com\/de\/555412\/","title":{"rendered":"Dynamo Dresden: Stamm wettert gegen \u201eStammtisch-Geschwafel\u201c | Sport"},"content":{"rendered":"<p><b>Dynamo Dresden in der Krise. Nach zuletzt acht Spielen ohne Sieg muss im Kellerduell am Freitag (18.30 Uhr) gegen den 1. FC N\u00fcrnberg der erste Heim-Dreier erzwungen werden. <\/b><\/p>\n<p>Getreu dem Motto: Bei\u00dfen, spucken, kratzen. Doch genau diese Parolen gehen Thomas Stamm (42) gelinde gesagt auf den Sack: \u201eDas ist zu plump und an der Realit\u00e4t vorbei. Zu sehr Stammtisch-Geschwafel, als irgendwas anderes.\u201c <\/p>\n<p>Mehr zum Thema<\/p>\n<p><b>Was der Chefcoach damit meint: \u201eIch k\u00f6nnte Daten bringen, die belegen, dass wir am Wochenende alles auf dem Platz lassen. <\/b><a href=\"https:\/\/www.bild.de\/sport\/fussball\/dynamo-dresden-kopiert-sich-bei-hertha-bsc-selbst-zur-pleite-69062e3ea6bc3e9242fc9165\" class=\"text-link\" target=\"_blank\" rel=\"noopener\"><b>Gegen Hertha<\/b><\/a><b> haben wir genauso viele Zweik\u00e4mpfe gewonnen, wie die. Entscheidend ist, welche du gewinnst. Da sind wir intern sehr klar, was wir besser machen m\u00fcssen.\u201c<\/b><\/p>\n<p>Was zum Beispiel? \u201eIm Gro\u00dfen und Ganzen ist die Art und Weise der Jungs, wie sie arbeiten und ins Spiel reingehen, hervorragend.\u201c Da gibt ihm die Statistik sogar recht: Dynamo hat die viertbeste Laufleistung aller Zweitliga-Teams. Stamm: \u201eAber wenn wir vier, f\u00fcnf richtig gute Umschalt-Momente haben, m\u00fcssen dann eben auch die \u00dcberzeugung haben, die sauber auszuspielen und klar zu bleiben.\u201c<\/p>\n<p>Ab und zu quatscht Stamm mit<\/p>\n<p><b>Dass jetzt ganz viele Leute mitreden wollen und kluge Ratschl\u00e4ge geben, ist f\u00fcr den Trainer aber okay. \u201eDas ist doch \u00fcberall so. Im Fu\u00dfball denkt jeder, er darf und kann mitreden. In anderen Sportarten, die vielleicht ein bissel komplexer sind, h\u00e4lt man sich dann raus. Weil man vielleicht die Regeln nicht so kennt.\u201c<\/b><\/p>\n<p>Ab und an mischt sich der Schweizer sogar selber ganz gern unters Fu\u00dfball-Volk. \u201eBei mir im Heimat-Dorf gibt\u00b4s den Gasthof Hirschn (auf deutsch \u201eZum Hirsch\u201c, d. Red.). Dort sitzt immer das Fachpublikum. Ich halte nicht immer inhaltlich viel davon. Aber dabei zu sitzen und bissel mitzuquatschen, ist nicht so verkehrt\u201c, gesteht Stamm mit einem L\u00e4cheln im Gesicht.<\/p>\n<p><b>K\u00f6nnten die Stammtisch-Experten am Wochenende \u00fcber einen Sieg von <\/b><a href=\"https:\/\/www.bild.de\/sport\/fussball\/dynamo-dresden\/startseite-dynamo-46789412.bild.html\" class=\"text-link\" target=\"_blank\" rel=\"noopener\"><b>Dynamo Dresden<\/b><\/a><b> gegen N\u00fcrnberg fachsimpeln, w\u00fcrde das ganz sicher nicht nur Stamm freuen&#8230;<\/b><\/p>\n","protected":false},"excerpt":{"rendered":"Dynamo Dresden in der Krise. Nach zuletzt acht Spielen ohne Sieg muss im Kellerduell am Freitag (18.30 Uhr)&hellip;\n","protected":false},"author":2,"featured_media":555413,"comment_status":"","ping_status":"","sticky":false,"template":"","format":"standard","meta":{"footnotes":""},"categories":[1835],"tags":[783,621,3364,29,2386,3766,1002,347,30,1088,859,6963,3460,45,5843],"class_list":{"0":"post-555412","1":"post","2":"type-post","3":"status-publish","4":"format-standard","5":"has-post-thumbnail","7":"category-dresden","8":"tag-1-fc-nuernberg","9":"tag-2-bundesliga","10":"tag-de","11":"tag-deutschland","12":"tag-dresden","13":"tag-dynamo-dresden","14":"tag-fans","15":"tag-fussball","16":"tag-germany","17":"tag-hertha-bsc","18":"tag-sachsen","19":"tag-sieg","20":"tag-sport-leuchtturm-leipzig","21":"tag-texttospeech","22":"tag-trainer"},"share_on_mastodon":{"url":"","error":""},"_links":{"self":[{"href":"https:\/\/www.europesays.com\/de\/wp-json\/wp\/v2\/posts\/555412","targetHints":{"allow":["GET"]}}],"collection":[{"href":"https:\/\/www.europesays.com\/de\/wp-json\/wp\/v2\/posts"}],"about":[{"href":"https:\/\/www.europesays.com\/de\/wp-json\/wp\/v2\/types\/post"}],"author":[{"embeddable":true,"href":"https:\/\/www.europesays.com\/de\/wp-json\/wp\/v2\/users\/2"}],"replies":[{"embeddable":true,"href":"https:\/\/www.europesays.com\/de\/wp-json\/wp\/v2\/comments?post=555412"}],"version-history":[{"count":0,"href":"https:\/\/www.europesays.com\/de\/wp-json\/wp\/v2\/posts\/555412\/revisions"}],"wp:featuredmedia":[{"embeddable":true,"href":"https:\/\/www.europesays.com\/de\/wp-json\/wp\/v2\/media\/555413"}],"wp:attachment":[{"href":"https:\/\/www.europesays.com\/de\/wp-json\/wp\/v2\/media?parent=555412"}],"wp:term":[{"taxonomy":"category","embeddable":true,"href":"https:\/\/www.europesays.com\/de\/wp-json\/wp\/v2\/categories?post=555412"},{"taxonomy":"post_tag","embeddable":true,"href":"https:\/\/www.europesays.com\/de\/wp-json\/wp\/v2\/tags?post=555412"}],"curies":[{"name":"wp","href":"https:\/\/api.w.org\/{rel}","templated":true}]}}