{"id":555419,"date":"2025-11-06T12:54:17","date_gmt":"2025-11-06T12:54:17","guid":{"rendered":"https:\/\/www.europesays.com\/de\/555419\/"},"modified":"2025-11-06T12:54:17","modified_gmt":"2025-11-06T12:54:17","slug":"zweites-festivalwochenende-mit-hochkaraetigen-highlights-theater-und-philharmonie-essen-gmbh-story","status":"publish","type":"post","link":"https:\/\/www.europesays.com\/de\/555419\/","title":{"rendered":"Zweites Festivalwochenende mit hochkar\u00e4tigen Highlights, Theater und Philharmonie Essen GmbH, Story"},"content":{"rendered":"<p>Das NOW!-Festival f\u00fcr Neue Musik geht in die zweite H\u00e4lfte \u2013 zu den H\u00f6hepunkten z\u00e4hlen dabei zwei hochkar\u00e4tig besetzte Konzerte am kommenden Wochenende in der Philharmonie Essen. Unter dem Motto\u00a0<b>\u201eelements\u201c<\/b>\u00a0widmet sich die diesj\u00e4hrige Festivalausgabe seit dem 25. Oktober den \u201eElementen\u201c, also jenen Grundsubstanzen, aus denen sich Mensch, Natur und Musik zusammensetzen. Am\u00a0<b>Samstag, 08. November 2025, um 20:00 Uhr<\/b>\u00a0wird das\u00a0<b>WDR Sinfonieorchester<\/b>\u00a0(Leitung: Patrick Hahn) zu Gast sein und mit Ilya Gringolts als Solist das neue Violinkonzert \u201eTacet\u201c des Italieners Stefano Gervasoni zur deutschen Erstauff\u00fchrung bringen. Zur weiteren Besetzung an diesem Abend geh\u00f6rt das\u00a0<b>Trio Catch<\/b>, das im Tripelkonzert des Basken Mikel Urquiza mit dem Titel \u201eUn d\u00e9sir d\u00e9mesur\u00e9 d\u02bcamiti\u00e9\u201c in Erscheinung tritt.\u00a0Luciano Berios \u201eBewegung\u201c, eines der wohl minimalistischsten Werke des Komponisten, sowie Mirela Ivi\u010devi\u0107s sehr eindr\u00fcckliches Orchesterst\u00fcck \u201eBlack Moon Lilith\u201c stehen ebenfalls auf dem Programm. Im finalen Konzert des Festivals am\u00a0<b>Sonntag, 09. November 2025,<\/b>\u00a0<b>um 19:00 Uhr<\/b>\u00a0im Alfried Krupp Saal dirigiert Enno Poppe am Pult des renommierten\u00a0<b>Ensemble Modern<\/b>\u00a0nicht nur sein eigenes energiegeladenes Werk \u201eK\u00f6rper\u201c (eine Hommage an die goldenen Bigband-Zeiten), sondern auch die Auff\u00fchrung von Alex Paxtons \u201eDon\u2019t Leave Me Behind\u201c. Im Anschluss an die Konzerte ist das Publikum jeweils zu einem Freigetr\u00e4nk eingeladen und hat dort die Gelegenheit, mit den K\u00fcnstler*innen und den teils anwesenden Komponist*innen \u00fcber das Erlebte ins Gespr\u00e4ch zu kommen.<\/p>\n<p><b>Alle Informationen zum Festival unter <a href=\"http:\/\/www.now-festival.de\" target=\"_blank\" rel=\"nofollow noopener\">www.now-festival.de<\/a>.<\/b><\/p>\n<p>Die Philharmonie Essen richtet NOW! gemeinsam mit der Folkwang Universit\u00e4t der K\u00fcnste, dem Landesmusikrat NRW und der Gesellschaft f\u00fcr Neue Musik Ruhr e.V. aus.<\/p>\n<p>Das NOW!-Festival 2025 wird gef\u00f6rdert von der Kunststiftung NRW, dem Ministerium f\u00fcr Kultur und Wissenschaft des Landes NRW und der Ernst von Siemens Musikstiftung.<\/p>\n<p><b>Festivalpass und Tickets<\/b><\/p>\n<p>Mit dem NOW!-Festivalpass (Preis: \u20ac 30,00) sind f\u00fcr alle Veranstaltungen des NOW!-Festivals 2025 Karten zum verg\u00fcnstigten Preis von jeweils \u20ac 7,00 erh\u00e4ltlich. Die Verg\u00fcnstigung gilt f\u00fcr eine Karte pro Veranstaltung je Festivalpass. Der NOW!-Festivalpass ist nicht im Webshop buchbar.<\/p>\n<p>Einzelkarten zum Preis von jeweils\u20ac 17,00 sind erh\u00e4ltlich im TicketCenter der TUP, II. Hagen 2 (Mo 10:00-16:00 Uhr; Di-Fr 10:00-17:00 Uhr; Sa 10:00-14:00 Uhr), an der Kasse des Aalto-Theaters, Opernplatz 10 (Di-Sa 13:00-18:00 Uhr), telefonisch unter 0201 81 22-200 sowie online unter <a href=\"http:\/\/www.theater-essen.de\" class=\"bbcode_url\" target=\"_blank\" rel=\"nofollow noopener\">www.theater-essen.de<\/a>.<\/p>\n","protected":false},"excerpt":{"rendered":"Das NOW!-Festival f\u00fcr Neue Musik geht in die zweite H\u00e4lfte \u2013 zu den H\u00f6hepunkten z\u00e4hlen dabei zwei hochkar\u00e4tig&hellip;\n","protected":false},"author":2,"featured_media":555420,"comment_status":"","ping_status":"","sticky":false,"template":"","format":"standard","meta":{"footnotes":""},"categories":[1834],"tags":[52836,95175,108585,3364,29,3688,5561,43797,30,134624,20442,36228,45658,810,1209,176,4983,5522,12791,5162],"class_list":{"0":"post-555419","1":"post","2":"type-post","3":"status-publish","4":"format-standard","5":"has-post-thumbnail","7":"category-essen","8":"tag-aalto","9":"tag-alex","10":"tag-alfried","11":"tag-de","12":"tag-deutschland","13":"tag-essen","14":"tag-festival","15":"tag-folkwang","16":"tag-germany","17":"tag-gringolts","18":"tag-hagen","19":"tag-hahn","20":"tag-kunststiftung","21":"tag-musik","22":"tag-nordrhein-westfalen","23":"tag-nrw","24":"tag-philharmonie","25":"tag-ruhr","26":"tag-siemens","27":"tag-universitaet"},"share_on_mastodon":{"url":"https:\/\/pubeurope.com\/@de\/115502859164773356","error":""},"_links":{"self":[{"href":"https:\/\/www.europesays.com\/de\/wp-json\/wp\/v2\/posts\/555419","targetHints":{"allow":["GET"]}}],"collection":[{"href":"https:\/\/www.europesays.com\/de\/wp-json\/wp\/v2\/posts"}],"about":[{"href":"https:\/\/www.europesays.com\/de\/wp-json\/wp\/v2\/types\/post"}],"author":[{"embeddable":true,"href":"https:\/\/www.europesays.com\/de\/wp-json\/wp\/v2\/users\/2"}],"replies":[{"embeddable":true,"href":"https:\/\/www.europesays.com\/de\/wp-json\/wp\/v2\/comments?post=555419"}],"version-history":[{"count":0,"href":"https:\/\/www.europesays.com\/de\/wp-json\/wp\/v2\/posts\/555419\/revisions"}],"wp:featuredmedia":[{"embeddable":true,"href":"https:\/\/www.europesays.com\/de\/wp-json\/wp\/v2\/media\/555420"}],"wp:attachment":[{"href":"https:\/\/www.europesays.com\/de\/wp-json\/wp\/v2\/media?parent=555419"}],"wp:term":[{"taxonomy":"category","embeddable":true,"href":"https:\/\/www.europesays.com\/de\/wp-json\/wp\/v2\/categories?post=555419"},{"taxonomy":"post_tag","embeddable":true,"href":"https:\/\/www.europesays.com\/de\/wp-json\/wp\/v2\/tags?post=555419"}],"curies":[{"name":"wp","href":"https:\/\/api.w.org\/{rel}","templated":true}]}}