{"id":555788,"date":"2025-11-06T16:20:16","date_gmt":"2025-11-06T16:20:16","guid":{"rendered":"https:\/\/www.europesays.com\/de\/555788\/"},"modified":"2025-11-06T16:20:16","modified_gmt":"2025-11-06T16:20:16","slug":"fall-des-getoeteten-fabian-aus-guestrow-polizei-nimmt-tatverdaechtige-fest","status":"publish","type":"post","link":"https:\/\/www.europesays.com\/de\/555788\/","title":{"rendered":"Fall des get\u00f6teten Fabian aus G\u00fcstrow: Polizei nimmt Tatverd\u00e4chtige fest"},"content":{"rendered":"<p class=\"tspBPll tspBPlm\">Im Fall des vor vier Wochen get\u00f6teten achtj\u00e4hrigen Fabian aus G\u00fcstrow in Mecklenburg-Vorpommern ist<strong> eine Frau als dringend tatverd\u00e4chtig festgenommen<\/strong> worden. Es sei ein <strong>Haftbefehl wegen Mordverdachts<\/strong> erlassen worden, sagte der Rostocker Oberstaatsanwalt Harald Nowack am Donnerstag vor Journalisten.<\/p>\n<p>Abendlage Newsletter<\/p>\n<p><img decoding=\"async\" src=\"https:\/\/www.europesays.com\/de\/wp-content\/uploads\/2025\/04\/1745846948_156_morgenlage-abendlage-icon-klein.png\" alt=\"\" class=\"tspBZgj\"\/><\/p>\n<p class=\"tspBZmu\"> Die wichtigsten Nachrichten des Tages \u2014 abends direkt in Ihr E-Mail-Postfach. <\/p>\n<p class=\"tspBPll\">Der Tatverdacht ergibt sich den Ermittlern zufolge aus einer Zusammenschau der bisher ermittelten Indizien. <strong>N\u00e4here Details wollte Nowack zun\u00e4chst nicht nennen.<\/strong> Er begr\u00fcndete dies unter anderem damit, dass bis zu einer Verurteilung die Unschuldsvermutung gelte. Au\u00dferdem sei bei weiteren Details eine schnelle Identifizierung der in einer eher l\u00e4ndlichen Umgebung lebenden Tatverd\u00e4chtigen m\u00f6glich.<\/p>\n<p class=\"tspBPll\">Der Festnahme waren <strong>stundenlange Durchsuchungen<\/strong> nahe G\u00fcstrow in Mecklenburg-Vorpommern vorausgegangen. Die Polizei hatte sich zuvor am Mittwochabend \u00fcber die ZDF-Sendung \u201eAktenzeichen XY &#8230; ungel\u00f6st\u201c an die \u00d6ffentlichkeit gewandt. Die Durchsuchungen begannen wenige Stunden nach der Ausstrahlung.<\/p>\n<p><img decoding=\"async\" src=\"https:\/\/www.europesays.com\/de\/wp-content\/uploads\/2025\/11\/fall-fabian-in-aktenzeichen-xy.jpeg\"   alt=\"\" aria-labelledby=\"caption-14776187\" width=\"440\" height=\"330\" loading=\"lazy\" class=\"tspAWig\"\/> Ein Abschleppwagen transportiert einen Gel\u00e4ndewagen im Rahmen einer Hausdurchsuchung in Reimershagen. <\/p>\n<p class=\"tspAFf9\"> \u00a9 dpa\/Philip Dulian <\/p>\n<p class=\"tspBPll\">Am Donnerstagmorgen, um sechs Uhr, r\u00fcckten laut Polizei <strong>120 Einsatzkr\u00e4fte in Reimershagen und dem benachbarten Ort Rum Kogel<\/strong> nahe G\u00fcstrow an und durchsuchten mehrere Objekte. In einem Wohnhaus in Reimershagen wurde ein Gel\u00e4ndewagen beschlagnahmt und f\u00fcr eine kriminaltechnische Untersuchung abtransportiert. Ermittler trugen zudem Sportschuhe in Plastikt\u00fcten aus dem Haus.<\/p>\n<p class=\"tspBPll\">Laut Polizei wurden <strong>diverse Funde gemacht, die nun ausgewertet werden m\u00fcssten<\/strong>. Um wessen Wohnhaus es sich handelt, wollte die Polizei nicht bekanntgeben. <\/p>\n<p> 33 Hinweise nach \u201eAktenzeichen XY&#8230; ungel\u00f6st\u201c <\/p>\n<p class=\"tspBPll\">Nach der <strong>Ausstrahlung der Fernsehsendung \u201eAktenzeichen XY&#8230; ungel\u00f6st\u201c <\/strong>kam neue Dynamik in die Ermittlungen. Das Hinweistelefon ist den Angaben zufolge weiterhin geschaltet. Insgesamt sind laut Polizei <strong>bisher 33 Hinweise <\/strong>eingegangen. Unter den Hinweisen seien einige vielversprechende, denen nachgegangen werde. In Reimershagen hatte es im Zusammenhang mit dem Tod des Jungen aus G\u00fcstrow schon vorher Durchsuchungen gegeben.<\/p>\n<blockquote class=\"tspCGoa\">\n<p>Wir sind echt zuversichtlich, dass da etwas Passendes dabei ist.<\/p>\n<\/blockquote>\n<p class=\"tspCGob\"><strong>Fabian Puchelt<\/strong>, Landeskriminalamt Bayern<\/p>\n<p class=\"tspBPll\">In der ZDF-Sendung am Mittwochabend habe der Fall Fabian die gr\u00f6\u00dfte Aufmerksamkeit und viele Hinweise gebracht, sagte Fabian Puchelt vom Landeskriminalamt Bayern nach der Auswertung der Anrufe.\u00a0<\/p>\n<p> Polizei teilt grausige Details zur Tat mit\u00a0 <\/p>\n<p class=\"tspBPll\"><strong>Die Kripo Rostock<\/strong> habe nach einer ersten groben Sichtung erkl\u00e4rt, dass \u00e4u\u00dfert vielversprechende Hinweise dabei seien. \u201eWir sind echt zuversichtlich, dass da etwas Passendes dabei ist\u201c, sagte der Beamte.<\/p>\n<p class=\"tspBPll\">In der ZDF-Sendung wurden am Mittwochabend auch Fotos vom Fundort des toten Jungen gezeigt. Die Leiche von Fabian war am 14. Oktober <strong>rund 15 Kilometer von G\u00fcstrow entfernt an einem T\u00fcmpel bei Klein Upahl<\/strong> entdeckt worden. Eines der Fotos zeigte ein Feuer in unmittelbarer N\u00e4he des T\u00fcmpels. <\/p>\n<p><img decoding=\"async\" src=\"https:\/\/www.europesays.com\/de\/wp-content\/uploads\/2025\/11\/1762446016_829_fall-fabian-in-aktenzeichen-xy.jpeg\"   alt=\"\" aria-labelledby=\"caption-14774066\" width=\"440\" height=\"330\" loading=\"lazy\" class=\"tspAWig\"\/> Ein Ermittler l\u00e4uft mit Plastikt\u00fcten, in der sich Sportschuhe befinden, bei einer Hausdurchsuchung in Reimershagen \u00fcber die Stra\u00dfe. <\/p>\n<p class=\"tspAFf9\"> \u00a9 dpa\/Philip Dulian <\/p>\n<p class=\"tspBPll\">\u201eZu diesem Zeitpunkt waren f\u00fcnf Personen dort als Wanderer beziehungsweise Spazierg\u00e4nger unterwegs, die als Zeugen gesucht werden\u201c, sagte ein Sprecher der Staatsanwaltschaft zu \u201e<a href=\"https:\/\/www.bild.de\/regional\/mecklenburg-vorpommern\/guestrow-fuehrt-dieses-feuer-foto-zu-fabians-moerder-690bbb310d2529c190b6e9d5\" target=\"_blank\" rel=\"noopener\" class=\"link link--external\" data-gtm-class=\"article-text-link\" data-gtm-val=\"external\" aria-describedby=\"message-target-blank\">Bild<\/a>\u201c. Die Polizei hatte erst kurz zuvor mitgeteilt, dass der Leichnam des Kindes vermutlich zur Verschleierung der Spurenlage angez\u00fcndet worden sei. <\/p>\n<p> Fabian aus G\u00fcstrow vermutlich am 10. Oktober get\u00f6tet <\/p>\n<p class=\"tspBPll\">Die Kriminalpolizei geht davon aus, <strong>dass Fabian bereits am Tag seines Verschwindens get\u00f6tet wurde<\/strong>. Als Zeitfenster f\u00fcr die Tat komme der 10. Oktober von 11 Uhr bis 15 Uhr in Betracht, teilten Polizei und Staatsanwaltschaft mit. <strong>Fabian war an dem Tag wegen Unwohlseins nicht zur Schule gegangen<\/strong> und allein zu Hause geblieben. Als die Mutter von der Arbeit nach Hause kam, war ihr Sohn weg und kam auch zu der sonst \u00fcblichen Zeit nicht wieder nach Hause.<\/p>\n<p class=\"tspBPll\">Die Mutter versuchte zun\u00e4chst selbst, den Jungen ausfindig zu machen, und meldete ihn schlie\u00dflich als vermisst. Nach tagelanger Suche mit zahlreichen Einsatzkr\u00e4ften wurde er schlie\u00dflich am 14. Oktober tot gefunden.<\/p>\n<p> Lesen Sie bei T+ <a href=\"https:\/\/www.tagesspiegel.de\/internationales\/finnlands-ex-regierungschefin-veroffentlicht-memoiren-sanna-marin-uber-krieg-seuche-und-skandalvideos-14755400.html?icid=topic-list_14768921___\" data-gtm-class=\"article-mzt-link\" class=\"tspCFn4\" target=\"_blank\" rel=\"noopener\">Finnlands Ex-Regierungschefin ver\u00f6ffentlicht Memoiren Sanna Marin \u00fcber Krieg, Seuche und Skandalvideos <\/a><a href=\"https:\/\/www.tagesspiegel.de\/gesellschaft\/weibliche-singles-der-generation-50plus-wozu-brauche-ich-noch-einen-mann-14694944.html?icid=topic-list_14768921___\" data-gtm-class=\"article-mzt-link\" class=\"tspCFn4\" target=\"_blank\" rel=\"noopener\">Weibliche Singles der Generation 50plus \u201eWozu brauche ich noch einen Mann?\u201c <\/a><a href=\"https:\/\/www.tagesspiegel.de\/gesellschaft\/soziologe-armin-nassehi-viele-demonstrationen-fur-migration-sind-weisser-als-jeder-afd-parteitag-14746919.html?icid=topic-list_14768921___\" data-gtm-class=\"article-mzt-link\" class=\"tspCFn4\" target=\"_blank\" rel=\"noopener\">Soziologe Armin Nassehi im Interview \u201eViele Demonstrationen f\u00fcr Migration sind wei\u00dfer als jeder AfD-Parteitag\u201c <\/a><\/p>\n<p class=\"tspBPll\">Die Beh\u00f6rden baten alle Zeugen, die sich in dem genannten Zeitraum in der Umgebung des sp\u00e4teren Auffindeortes aufgehalten h\u00e4tten, s\u00e4mtliche Feststellungen zu Personen, Fahrzeugen und anderen Umst\u00e4nden der n\u00e4chsten Polizeidienststelle mitzuteilen. In der ZDF-Sendung wurde auch <strong>eine Hotline-Telefonnummer f\u00fcr Hinweise an die Kripo Rostock<\/strong> eingeblendet: 0800 &#8211; 5977268.<\/p>\n<p class=\"tspBPll\"><strong>Der Rostocker Oberstaatsanwalt Harald Nowack<\/strong> sagte vor der Sendung: \u201eWir wissen, dass ungef\u00e4hr zu diesem Zeitraum dort auch Menschen unterwegs gewesen sind, Wanderer. Und wir hoffen auch aufgrund dessen, dass es heute Abend \u00fcberregional ausgestrahlt wird, auch unter Aufzeichnung der Gegebenheiten vor Ort, dass sich die Zeugen melden, die zu diesem Zeitpunkt dort gewesen sind und eventuell irgendwelche Feststellungen getroffen haben.\u201c (dpa\/AFP)<\/p>\n","protected":false},"excerpt":{"rendered":"Im Fall des vor vier Wochen get\u00f6teten achtj\u00e4hrigen Fabian aus G\u00fcstrow in Mecklenburg-Vorpommern ist eine Frau als dringend&hellip;\n","protected":false},"author":2,"featured_media":555789,"comment_status":"","ping_status":"","sticky":false,"template":"","format":"standard","meta":{"footnotes":""},"categories":[2],"tags":[29,30,13,1351,14,15,12,966,10,8,9,11],"class_list":{"0":"post-555788","1":"post","2":"type-post","3":"status-publish","4":"format-standard","5":"has-post-thumbnail","7":"category-deutschland","8":"tag-deutschland","9":"tag-germany","10":"tag-headlines","11":"tag-mecklenburg-vorpommern","12":"tag-nachrichten","13":"tag-news","14":"tag-schlagzeilen","15":"tag-schule","16":"tag-top-news","17":"tag-top-meldungen","18":"tag-topmeldungen","19":"tag-topnews"},"share_on_mastodon":{"url":"https:\/\/pubeurope.com\/@de\/115503669995960202","error":""},"_links":{"self":[{"href":"https:\/\/www.europesays.com\/de\/wp-json\/wp\/v2\/posts\/555788","targetHints":{"allow":["GET"]}}],"collection":[{"href":"https:\/\/www.europesays.com\/de\/wp-json\/wp\/v2\/posts"}],"about":[{"href":"https:\/\/www.europesays.com\/de\/wp-json\/wp\/v2\/types\/post"}],"author":[{"embeddable":true,"href":"https:\/\/www.europesays.com\/de\/wp-json\/wp\/v2\/users\/2"}],"replies":[{"embeddable":true,"href":"https:\/\/www.europesays.com\/de\/wp-json\/wp\/v2\/comments?post=555788"}],"version-history":[{"count":0,"href":"https:\/\/www.europesays.com\/de\/wp-json\/wp\/v2\/posts\/555788\/revisions"}],"wp:featuredmedia":[{"embeddable":true,"href":"https:\/\/www.europesays.com\/de\/wp-json\/wp\/v2\/media\/555789"}],"wp:attachment":[{"href":"https:\/\/www.europesays.com\/de\/wp-json\/wp\/v2\/media?parent=555788"}],"wp:term":[{"taxonomy":"category","embeddable":true,"href":"https:\/\/www.europesays.com\/de\/wp-json\/wp\/v2\/categories?post=555788"},{"taxonomy":"post_tag","embeddable":true,"href":"https:\/\/www.europesays.com\/de\/wp-json\/wp\/v2\/tags?post=555788"}],"curies":[{"name":"wp","href":"https:\/\/api.w.org\/{rel}","templated":true}]}}