{"id":555856,"date":"2025-11-06T16:55:23","date_gmt":"2025-11-06T16:55:23","guid":{"rendered":"https:\/\/www.europesays.com\/de\/555856\/"},"modified":"2025-11-06T16:55:23","modified_gmt":"2025-11-06T16:55:23","slug":"drei-unfaelle-mit-teilweise-schwerverletzen-an-einem-abend","status":"publish","type":"post","link":"https:\/\/www.europesays.com\/de\/555856\/","title":{"rendered":"Drei Unf\u00e4lle mit teilweise Schwerverletzen an einem Abend"},"content":{"rendered":"<p class=\"richtext text-em-55 !leading-serif mx-6 desktop:mx-0\">Im Kreuzungsbereich der D\u00fcsseldorfer Landstra\u00dfe\/M\u00fcnchener Stra\u00dfe in Wanheim-Angerhausen stie\u00df ein Auto mit einem Motorrad zusammen, woraufhin der Kradfahrer st\u00fcrzte und sich schwer verletzte. Die 54-j\u00e4hrige VW-Fahrerin blieb unverletzt. Zuf\u00e4llig vorbeifahrende Rettungskr\u00e4fte hielten sofort an und leisteten dem 54-J\u00e4hrigen <a href=\"https:\/\/rp-online.de\/thema\/erste-hilfe\/\" target=\"_blank\" rel=\"noopener\">Erste Hilfe<\/a> und brachten ihn in ein Krankenhaus. Die Polizisten stellten das Zweirad durch ein Abschleppunternehmen sicher.<\/p>\n","protected":false},"excerpt":{"rendered":"Im Kreuzungsbereich der D\u00fcsseldorfer Landstra\u00dfe\/M\u00fcnchener Stra\u00dfe in Wanheim-Angerhausen stie\u00df ein Auto mit einem Motorrad zusammen, woraufhin der Kradfahrer&hellip;\n","protected":false},"author":2,"featured_media":555857,"comment_status":"","ping_status":"","sticky":false,"template":"","format":"standard","meta":{"footnotes":""},"categories":[1838],"tags":[50866,3364,29,3715,30,18273,134684,97226,3263,1209,53924,67989,2627],"class_list":{"0":"post-555856","1":"post","2":"type-post","3":"status-publish","4":"format-standard","5":"has-post-thumbnail","7":"category-duisburg","8":"tag-50866","9":"tag-de","10":"tag-deutschland","11":"tag-duisburg","12":"tag-germany","13":"tag-jaehriger","14":"tag-krad","15":"tag-kradfahrer","16":"tag-krankenhaus","17":"tag-nordrhein-westfalen","18":"tag-stuerzte","19":"tag-unverletzt","20":"tag-verletzungen"},"share_on_mastodon":{"url":"https:\/\/pubeurope.com\/@de\/115503806803938657","error":""},"_links":{"self":[{"href":"https:\/\/www.europesays.com\/de\/wp-json\/wp\/v2\/posts\/555856","targetHints":{"allow":["GET"]}}],"collection":[{"href":"https:\/\/www.europesays.com\/de\/wp-json\/wp\/v2\/posts"}],"about":[{"href":"https:\/\/www.europesays.com\/de\/wp-json\/wp\/v2\/types\/post"}],"author":[{"embeddable":true,"href":"https:\/\/www.europesays.com\/de\/wp-json\/wp\/v2\/users\/2"}],"replies":[{"embeddable":true,"href":"https:\/\/www.europesays.com\/de\/wp-json\/wp\/v2\/comments?post=555856"}],"version-history":[{"count":0,"href":"https:\/\/www.europesays.com\/de\/wp-json\/wp\/v2\/posts\/555856\/revisions"}],"wp:featuredmedia":[{"embeddable":true,"href":"https:\/\/www.europesays.com\/de\/wp-json\/wp\/v2\/media\/555857"}],"wp:attachment":[{"href":"https:\/\/www.europesays.com\/de\/wp-json\/wp\/v2\/media?parent=555856"}],"wp:term":[{"taxonomy":"category","embeddable":true,"href":"https:\/\/www.europesays.com\/de\/wp-json\/wp\/v2\/categories?post=555856"},{"taxonomy":"post_tag","embeddable":true,"href":"https:\/\/www.europesays.com\/de\/wp-json\/wp\/v2\/tags?post=555856"}],"curies":[{"name":"wp","href":"https:\/\/api.w.org\/{rel}","templated":true}]}}