{"id":556939,"date":"2025-11-07T03:05:35","date_gmt":"2025-11-07T03:05:35","guid":{"rendered":"https:\/\/www.europesays.com\/de\/556939\/"},"modified":"2025-11-07T03:05:35","modified_gmt":"2025-11-07T03:05:35","slug":"frau-bringt-fuenflinge-auf-die-welt-medizinische-raritaet","status":"publish","type":"post","link":"https:\/\/www.europesays.com\/de\/556939\/","title":{"rendered":"Frau bringt F\u00fcnflinge auf die Welt \u2013 &#8222;medizinische Rarit\u00e4t&#8220;"},"content":{"rendered":"<p>&#8222;Medizinische Rarit\u00e4t&#8220; <\/p>\n<p>Berlin: Frau bringt F\u00fcnflinge zur Welt<\/p>\n<p>Aktualisiert am 06.11.2025 &#8211; 16:31 UhrLesedauer: 2 Min.<\/p>\n<p><a href=\"#focus-0\" class=\"transition-colors duration-200 block text-current relative\" data-sctrack=\"FocusGalleryImage.Reference\"><img fetchpriority=\"high\" data-testid=\"Opener.Image\" style=\"--lqipURL:url('https:\/\/images.t-online.de\/2025\/11\/qmsjX4OWroI6\/0x75:800x450\/fit-in\/150x0\/filters:blur(25)\/fuenffacher-zuwachs-fuer-die-glueckliche-familie-wie-die-charite-bekannt-gab-war-fuer-die-geburt-der-fuenflinge-ein-25-koepfiges-team-noetig.jpg')\"   loading=\"eager\" src=\"https:\/\/www.europesays.com\/de\/wp-content\/uploads\/2025\/11\/fuenffacher-zuwachs-fuer-die-glueckliche-familie-wie-die-charite-bekannt-gab-war-fuer-die-geburt-der.jpeg\" alt=\"Zuwachs f\u00fcr die gl\u00fcckliche Familie: Wie die Charit\u00e9 bekannt gab, war f\u00fcr die Geburt der F\u00fcnflinge ein 25-k\u00f6pfiges Team n\u00f6tig.\" title=\"Zuwachs f\u00fcr die gl\u00fcckliche Familie: Wie die Charit\u00e9 bekannt gab, war f\u00fcr die Geburt der F\u00fcnflinge ein 25-k\u00f6pfiges Team n\u00f6tig.\" width=\"800\" height=\"450\" class=\"bg-[url:var(--lqipURL)] bg-cover bg-center flex h-full w-full max-w-full\" decoding=\"async\"\/><img style=\"--width:32;--height:32\" loading=\"lazy\" src=\"https:\/\/www.t-online.de\/s\/paper\/_next\/static\/media\/zoom-in.f7dae02f.svg\" alt=\"Vergr\u00f6\u00dfern des Bildes\" title=\"Vergr\u00f6\u00dfern des Bildes\" class=\"block h-[calc(var(--height)_\/_16_*_1rem)] w-[calc(var(--width)_\/_16_*_1rem)] max-w-none absolute bottom-8 right-8 rounded-4 bg-snow p-8\" decoding=\"async\"\/><\/a><\/p>\n<p>F\u00fcnffacher Zuwachs f\u00fcr die gl\u00fcckliche Familie: Wie die Charit\u00e9 bekannt gab, war f\u00fcr die Geburt der F\u00fcnflinge ein 25-k\u00f6pfiges Team n\u00f6tig. (Quelle: -\/dpa)<\/p>\n<p class=\"font-bold text-18 leading-17\">Die Charit\u00e9 spricht von einer absoluten Rarit\u00e4t: Eine Frau in Berlin hat F\u00fcnflinge zur Welt gebracht. Die \u00c4rzte mussten besondere Ma\u00dfnahmen ergreifen.<\/p>\n<p class=\"text-18 leading-17\">Eine Frau hat an der Berliner Charit\u00e9 F\u00fcnflinge auf die Welt gebracht. Zwei M\u00e4dchen und drei Jungen wurden Ende September in der Klinik f\u00fcr Geburtsmedizin der Charit\u00e9 \u2013 Universit\u00e4tsmedizin <a rel=\"nofollow noopener\" target=\"_blank\" class=\"transition-colors duration-200 cursor-pointer text-inherit no-underline text-salemsfur md:hover:text-magenta md:hover:border-magenta md:focus:text-magenta border-current border-b border-solid break-words\" href=\"https:\/\/berlin.t-online.de\/region\/berlin\/\" data-sctrack=\"BodyAnchor\">Berlin<\/a> geboren, wie das Krankenhaus am Donnerstag mitteilte. Die f\u00fcnf Kinder und ihre Mutter seien wohlauf. Die Neugeborenen entwickelten sich demnach pr\u00e4chtig und konnten ihr Geburtsgewicht bereits mehr als verdoppeln.<\/p>\n<p class=\"text-18 leading-17\">&#8222;Die Geburt von F\u00fcnflingen ist eine medizinische Rarit\u00e4t&#8220;, hie\u00df es in der Mitteilung. Die Charit\u00e9 machte keine Angaben, ob es sich um eine k\u00fcnstliche Befruchtung handelte.<\/p>\n<p class=\"text-18 leading-17\">Durch die Seltenheit sei die Geburt von F\u00fcnflingen auch f\u00fcr erfahrene Geburtsmediziner ein au\u00dfergew\u00f6hnliches Ereignis sowie eine besondere logistische Herausforderung, sagte Wolfgang Henrich, Direktor der Klinik f\u00fcr Geburtsmedizin der Charit\u00e9.<\/p>\n<p class=\"text-18 leading-17\">Am Ende der 28. Schwangerschaftswoche kamen die f\u00fcnf Kinder den Angaben zufolge per Kaiserschnitt auf die Welt. Dabei sei ein 25-k\u00f6pfiges, interdisziplin\u00e4res Team anwesend gewesen.<\/p>\n<p class=\"text-18 leading-17\">&#8222;Eine solche Geburt erfordert ein perfekt eingespieltes Team aus Geburtsmedizin, An\u00e4sthesie, Neonatologie, Hebammen und OP-Pflegefachkr\u00e4ften&#8220;, sagte Henrich. &#8222;Wir sind froh, dass alles reibungslos verlaufen ist und es der Mutter und den Kindern gut geht.&#8220;<\/p>\n<p class=\"text-18 leading-17\">Unmittelbar nach der Entbindung habe das Team der Klinik f\u00fcr Neonatologie die Erstversorgung \u00fcbernommen. &#8222;Mehrlingsfr\u00fchgeburten verlangen gerade in den ersten Stunden h\u00f6chste Aufmerksamkeit&#8220;, sagte Christoph B\u00fchrer, Direktor der Klinik f\u00fcr Neonatologie. Die Neonatologie besch\u00e4ftigt sich mit der Behandlung von Neugeborenen, insbesondere Fr\u00fchgeborenen.<\/p>\n<p class=\"text-18 leading-17\">Derzeit werden die Neugeborenen weiterhin auf einer neonatologischen Station betreut. Vor allem bei Mehrlingsgeburten ben\u00f6tigten einige Kinder mehr Zeit, um K\u00f6rpergewicht zuzulegen oder ihre K\u00f6rperfunktionen zu stabilisieren.<\/p>\n<p class=\"text-18 leading-17\">&#8222;Wir beobachten die Entwicklung intensiv, aber gelassen, die bisherigen Fortschritte sind ausgesprochen erfreulich&#8220;, so B\u00fchrer. Wenn die Babys kr\u00e4ftig genug seien, k\u00f6nnten sie nach Hause entlassen werden.<\/p>\n<p class=\"text-18 leading-17\">&#8222;Wir sind gl\u00fccklich, unsere f\u00fcnf Kinder wohlbehalten und gesund in den Armen halten zu k\u00f6nnen&#8220;, sagte die Mutter laut Mitteilung. Sie f\u00fchlten sich hervorragend betreut, freuten sich aber auch, wenn sie gemeinsam nach Hause k\u00f6nnten. &#8222;Bis dahin beobachten wir jeden Tag neu, wie unsere Lieblinge wachsen und gedeihen.&#8220;<\/p>\n<p class=\"text-18 leading-17\">Nach eigenen Angaben ist die Klinik f\u00fcr Geburtsmedizin die gr\u00f6\u00dfte geburtshilfliche Einrichtung in Deutschland. Dort werden jedes Jahr demnach mehr als 5.000 Kinder geboren.<\/p>\n","protected":false},"excerpt":{"rendered":"&#8222;Medizinische Rarit\u00e4t&#8220; Berlin: Frau bringt F\u00fcnflinge zur Welt Aktualisiert am 06.11.2025 &#8211; 16:31 UhrLesedauer: 2 Min. F\u00fcnffacher Zuwachs&hellip;\n","protected":false},"author":2,"featured_media":556940,"comment_status":"","ping_status":"","sticky":false,"template":"","format":"standard","meta":{"footnotes":""},"categories":[1825],"tags":[1434,296,7408,134859,29,134708,8500,134860,30],"class_list":{"0":"post-556939","1":"post","2":"type-post","3":"status-publish","4":"format-standard","5":"has-post-thumbnail","7":"category-berlin","8":"tag-1434","9":"tag-berlin","10":"tag-charite","11":"tag-christoph-buehrer","12":"tag-deutschland","13":"tag-fuenflinge","14":"tag-geburt","15":"tag-geburtsmedizin","16":"tag-germany"},"share_on_mastodon":{"url":"https:\/\/pubeurope.com\/@de\/115506205769302375","error":""},"_links":{"self":[{"href":"https:\/\/www.europesays.com\/de\/wp-json\/wp\/v2\/posts\/556939","targetHints":{"allow":["GET"]}}],"collection":[{"href":"https:\/\/www.europesays.com\/de\/wp-json\/wp\/v2\/posts"}],"about":[{"href":"https:\/\/www.europesays.com\/de\/wp-json\/wp\/v2\/types\/post"}],"author":[{"embeddable":true,"href":"https:\/\/www.europesays.com\/de\/wp-json\/wp\/v2\/users\/2"}],"replies":[{"embeddable":true,"href":"https:\/\/www.europesays.com\/de\/wp-json\/wp\/v2\/comments?post=556939"}],"version-history":[{"count":0,"href":"https:\/\/www.europesays.com\/de\/wp-json\/wp\/v2\/posts\/556939\/revisions"}],"wp:featuredmedia":[{"embeddable":true,"href":"https:\/\/www.europesays.com\/de\/wp-json\/wp\/v2\/media\/556940"}],"wp:attachment":[{"href":"https:\/\/www.europesays.com\/de\/wp-json\/wp\/v2\/media?parent=556939"}],"wp:term":[{"taxonomy":"category","embeddable":true,"href":"https:\/\/www.europesays.com\/de\/wp-json\/wp\/v2\/categories?post=556939"},{"taxonomy":"post_tag","embeddable":true,"href":"https:\/\/www.europesays.com\/de\/wp-json\/wp\/v2\/tags?post=556939"}],"curies":[{"name":"wp","href":"https:\/\/api.w.org\/{rel}","templated":true}]}}