{"id":557677,"date":"2025-11-07T10:15:17","date_gmt":"2025-11-07T10:15:17","guid":{"rendered":"https:\/\/www.europesays.com\/de\/557677\/"},"modified":"2025-11-07T10:15:17","modified_gmt":"2025-11-07T10:15:17","slug":"prinz-harry-entschuldigt-sich-fuer-outfitwahl-bei-baseballspiel","status":"publish","type":"post","link":"https:\/\/www.europesays.com\/de\/557677\/","title":{"rendered":"Prinz Harry entschuldigt sich f\u00fcr Outfitwahl bei Baseballspiel"},"content":{"rendered":"<p>&#8222;Ich stand unter Druck&#8220; <\/p>\n<p>Prinz Harry entschuldigt sich f\u00fcr seine Outfitwahl<\/p>\n<p>07.11.2025 &#8211; 08:51 UhrLesedauer: 2 Min.<\/p>\n<p><a href=\"#focus-0\" class=\"transition-colors duration-200 block text-current relative\" data-sctrack=\"FocusGalleryImage.Reference\"><img fetchpriority=\"high\" data-testid=\"Opener.Image\" style=\"--lqipURL:url('https:\/\/images.t-online.de\/2025\/11\/dGJdf5vX23gW\/1422x351:2020x1136\/fit-in\/150x0\/filters:blur(25)\/prinz-harry-er-wohnt-mittlerweile-in-los-angeles.jpg')\"   loading=\"eager\" src=\"https:\/\/www.europesays.com\/de\/wp-content\/uploads\/2025\/11\/prinz-harry-er-wohnt-mittlerweile-in-los-angeles.jpg\" alt=\"Prinz Harry: Er wohnt mittlerweile in Los Angeles.\" title=\"Prinz Harry: Er wohnt mittlerweile in Los Angeles.\" width=\"2020\" height=\"1136\" class=\"bg-[url:var(--lqipURL)] bg-cover bg-center flex h-full w-full max-w-full\" decoding=\"async\"\/><img style=\"--width:32;--height:32\" loading=\"lazy\" src=\"https:\/\/www.t-online.de\/s\/paper\/_next\/static\/media\/zoom-in.f7dae02f.svg\" alt=\"Vergr\u00f6\u00dfern des Bildes\" title=\"Vergr\u00f6\u00dfern des Bildes\" class=\"block h-[calc(var(--height)_\/_16_*_1rem)] w-[calc(var(--width)_\/_16_*_1rem)] max-w-none absolute bottom-8 right-8 rounded-4 bg-snow p-8\" decoding=\"async\"\/><\/a><\/p>\n<p>Prinz Harry: Er wohnt mittlerweile in Los Angeles. (Quelle: IMAGO\/JOHN ANGELILLO)<\/p>\n<p class=\"font-bold text-18 leading-17\">Er wollte nur h\u00f6flich sein. Doch f\u00fcr die Wahl seiner Kappe bei einem Baseballspiel in Los Angeles erntete Prinz Harry Kritik. Dazu hat er sich nun ge\u00e4u\u00dfert.<\/p>\n<p class=\"text-18 leading-17\">Ende Oktober hatte <a class=\"transition-colors duration-200 cursor-pointer text-inherit no-underline text-salemsfur md:hover:text-magenta md:hover:border-magenta md:focus:text-magenta border-current border-b border-solid break-words\" href=\"https:\/\/www.t-online.de\/themen\/prinz-harry\/\" data-sctrack=\"BodyAnchor\" target=\"_blank\" rel=\"noopener\">Prinz Harry<\/a> gemeinsam mit seiner Frau, Herzogin Meghan, ein Baseballspiel der World Series 2025 besucht. Im Dodger Stadium trafen die <a class=\"transition-colors duration-200 cursor-pointer text-inherit no-underline text-salemsfur md:hover:text-magenta md:hover:border-magenta md:focus:text-magenta border-current border-b border-solid break-words\" href=\"https:\/\/www.t-online.de\/themen\/toronto\/\" data-sctrack=\"BodyAnchor\" target=\"_blank\" rel=\"noopener\">Toronto<\/a> Blue Jays auf die <a class=\"transition-colors duration-200 cursor-pointer text-inherit no-underline text-salemsfur md:hover:text-magenta md:hover:border-magenta md:focus:text-magenta border-current border-b border-solid break-words\" href=\"https:\/\/www.t-online.de\/themen\/los-angeles\/\" data-sctrack=\"BodyAnchor\" target=\"_blank\" rel=\"noopener\">Los Angeles<\/a> Dodgers. Mit ihrer Outfitwahl hatten Harry und Meghan klar gezeigt, wem ihre Unterst\u00fctzung galt \u2013 und das hatte Unmut erregt.<\/p>\n<p class=\"text-18 leading-17\">Herzogin Meghan erschien zum Spiel in einem legeren Look aus dunkler Hose und \u00fcbergro\u00dfem wei\u00dfen Hemd, dar\u00fcber trug sie einen dunklen Pullover. Prinz Harry w\u00e4hlte ein \u00e4hnliches Outfit mit schwarzer Jacke, wei\u00dfem T-Shirt und dunkler Hose. Dazu kombinierten beide eine blaue Kappe \u2013 mit dem Logo der Dodgers.<\/p>\n<p class=\"text-18 leading-17\">Der Sohn des britischen K\u00f6nigs und die ehemalige Schauspielerin wohnen seit mehreren Jahren in Los Angeles, beide haben aber auch eine Verbindung zu <a class=\"transition-colors duration-200 cursor-pointer text-inherit no-underline text-salemsfur md:hover:text-magenta md:hover:border-magenta md:focus:text-magenta border-current border-b border-solid break-words\" href=\"https:\/\/www.t-online.de\/themen\/kanada\/\" data-sctrack=\"BodyAnchor\" target=\"_blank\" rel=\"noopener\">Kanada<\/a>. Herzogin Meghan lebte dort, w\u00e4hrend sie f\u00fcr die Anwaltsserie &#8222;Suits&#8220; vor der Kamera stand. Prinz Harrys Vater ist das Staatsoberhaupt Kanadas. Fans kritisierten den 41-J\u00e4hrigen jetzt daf\u00fcr, keine Verbundenheit zum Commonwealth-Staat zu haben.<\/p>\n<p class=\"text-18 leading-17\">Auf die Kritik angesprochen sagte er dem kanadischen Sender CTV: &#8222;Zun\u00e4chst einmal m\u00f6chte ich mich bei Kanada daf\u00fcr entschuldigen, dass ich sie getragen habe. Zweitens stand ich unter Druck. Es gab nicht viel Auswahl.&#8220; Der Herzog von Sussex scherzte, dass er &#8222;unter Zwang&#8220; stand, als er die leuchtend blaue Kappe w\u00e4hrend des epischen vierten Spiels der World Series in Los Angeles trug. Er dachte, es sei &#8222;h\u00f6flich&#8220;, nachdem er vom Besitzer der Dodgers zum Spiel eingeladen worden war.<\/p>\n<p class=\"text-18 leading-17\">Zudem erkl\u00e4rte er: &#8222;Wenn man oben auf dem Kopf nicht mehr viel Haar hat und unter Flutlicht sitzt, nimmt man jeden Hut, der gerade verf\u00fcgbar ist.&#8220; Er plane, fortan eine Blue-Jays-Kappe zu tragen und f\u00fcr das Toronto-Team zu sein, um keinen Fehler mehr zu machen. Bereits in den Spielen danach sei er immer f\u00fcr das Team aus Kanada gewesen.<\/p>\n","protected":false},"excerpt":{"rendered":"&#8222;Ich stand unter Druck&#8220; Prinz Harry entschuldigt sich f\u00fcr seine Outfitwahl 07.11.2025 &#8211; 08:51 UhrLesedauer: 2 Min. Prinz&hellip;\n","protected":false},"author":2,"featured_media":557678,"comment_status":"","ping_status":"","sticky":false,"template":"","format":"standard","meta":{"footnotes":""},"categories":[155],"tags":[522,134996,29,214,30,134997,53,12574,7893,66537,11657,134995,567,10593,215],"class_list":{"0":"post-557677","1":"post","2":"type-post","3":"status-publish","4":"format-standard","5":"has-post-thumbnail","7":"category-unterhaltung","8":"tag-522","9":"tag-baseballspiel","10":"tag-deutschland","11":"tag-entertainment","12":"tag-germany","13":"tag-im-dodger-stadium","14":"tag-kanada","15":"tag-koenigsfamilie","16":"tag-los-angeles","17":"tag-los-angeles-dodgers","18":"tag-meghan-markle","19":"tag-outfitwahl","20":"tag-prinz-harry","21":"tag-toronto","22":"tag-unterhaltung"},"share_on_mastodon":{"url":"https:\/\/pubeurope.com\/@de\/115507896373738115","error":""},"_links":{"self":[{"href":"https:\/\/www.europesays.com\/de\/wp-json\/wp\/v2\/posts\/557677","targetHints":{"allow":["GET"]}}],"collection":[{"href":"https:\/\/www.europesays.com\/de\/wp-json\/wp\/v2\/posts"}],"about":[{"href":"https:\/\/www.europesays.com\/de\/wp-json\/wp\/v2\/types\/post"}],"author":[{"embeddable":true,"href":"https:\/\/www.europesays.com\/de\/wp-json\/wp\/v2\/users\/2"}],"replies":[{"embeddable":true,"href":"https:\/\/www.europesays.com\/de\/wp-json\/wp\/v2\/comments?post=557677"}],"version-history":[{"count":0,"href":"https:\/\/www.europesays.com\/de\/wp-json\/wp\/v2\/posts\/557677\/revisions"}],"wp:featuredmedia":[{"embeddable":true,"href":"https:\/\/www.europesays.com\/de\/wp-json\/wp\/v2\/media\/557678"}],"wp:attachment":[{"href":"https:\/\/www.europesays.com\/de\/wp-json\/wp\/v2\/media?parent=557677"}],"wp:term":[{"taxonomy":"category","embeddable":true,"href":"https:\/\/www.europesays.com\/de\/wp-json\/wp\/v2\/categories?post=557677"},{"taxonomy":"post_tag","embeddable":true,"href":"https:\/\/www.europesays.com\/de\/wp-json\/wp\/v2\/tags?post=557677"}],"curies":[{"name":"wp","href":"https:\/\/api.w.org\/{rel}","templated":true}]}}