{"id":557821,"date":"2025-11-07T11:36:20","date_gmt":"2025-11-07T11:36:20","guid":{"rendered":"https:\/\/www.europesays.com\/de\/557821\/"},"modified":"2025-11-07T11:36:20","modified_gmt":"2025-11-07T11:36:20","slug":"herzogin-zurueck-am-set-meghan-arbeitet-wieder-als-schauspielerin","status":"publish","type":"post","link":"https:\/\/www.europesays.com\/de\/557821\/","title":{"rendered":"Herzogin zur\u00fcck am Set: Meghan arbeitet wieder als Schauspielerin"},"content":{"rendered":"<p>                    Herzogin zur\u00fcck am Set<br \/>\n                Meghan arbeitet wieder als Schauspielerin<\/p>\n<p>\t\t\t\t              07.11.2025, 11:33 Uhr<\/p>\n<p>\t\t\t\t\t       Artikel anh\u00f6ren<\/p>\n<p>\t\t\t\t\t\t\tDiese Audioversion wurde k\u00fcnstlich generiert. <a href=\"https:\/\/www.n-tv.de\/23249898\" target=\"_blank\" rel=\"noopener\">Mehr Infos<\/a><\/p>\n<p><strong>Seit sieben Jahren ist Herzogin Meghan Mitglied der britischen K\u00f6nigsfamilie. Doch nun kehrt sie in ihren alten Beruf als Schauspielerin zur\u00fcck, auch wenn sie im Film &#8222;Close Personal Friends&#8220; tats\u00e4chlich sich selbst spielt. Die Dreharbeiten mit ihr haben bereits begonnen.<\/strong><\/p>\n<p>Herzogin Meghan kehrt nach acht Jahren Schauspiel-Pause vor die Kamera zur\u00fcck. Nun wurde sie sogar bereits wieder bei Dreharbeiten gesichtet. <a href=\"https:\/\/www.dailymail.co.uk\/news\/article-15265319\/Meghan-Markle-pictured-filming-new-comedy-movie-Hollywoood-Lily-Collins-Brie-Larson.html\" rel=\"Follow noopener\" target=\"_blank\">Der britischen &#8222;Daily Mail&#8220; liegen erste Fotos vom Set des Films &#8222;Close Personal Friends&#8220; vor<\/a>. Darin soll Meghan neben Lily Collins, Brie Larson, Jack Quaid und Henry Golding zu sehen sein.<\/p>\n<p>Auf den Bildern ist Meghan in einer wei\u00dfen, langen Leinenhose und mit einem blau-wei\u00df-gestreiften Hemd zu sehen. Dazu tr\u00e4gt sie braune Oran-Sandalen von Hermes sowie eine dunkle Sonnenbrille. Am Handgelenk hat die Ehefrau von Prinz Harry mehrere Goldarmreifen sowie eine Cartier-Uhr, die einst Prinzessin Diana geh\u00f6rt hatte.<\/p>\n<p>Bekannt durch &#8222;Suits&#8220;<\/p>\n<p>Zu sehen ist, wie Meghan in einen schwarzen Range Rover steigt und durch das kalifornische Pasadena f\u00e4hrt. Dort soll die 44-J\u00e4hrige dann eine Szene an einem Pool gedreht haben.<\/p>\n<p>Die heutige Herzogin, die damals noch Meghan Markle hie\u00df, wurde vor allem durch ihre Rolle der Rechtsanwaltsfachangestellten Rachel Zane in der Anwaltsserie &#8222;Suits&#8220; bekannt, die sie von 2011 bis 2018 verk\u00f6rperte. Anl\u00e4sslich ihrer Verlobung mit Prinz Harry im November 2017 teilte sie mit, die Serie nach der siebten Staffel zu verlassen und ihre Schauspielkarriere zu beenden, um sich ihren k\u00fcnftigen Aufgaben als Mitglied der britischen Royal Family zu widmen.<\/p>\n<p>In &#8222;Close Personal Friends&#8220; schl\u00fcpft Meghan nun in eine Rolle, die ihr leichtfallen d\u00fcrfte: Sie spielt sich selbst. Der von Amazon MGM Studios produzierte Film handelt von zwei Paaren &#8211; eines ist ber\u00fchmt, das andere nicht -, die in Santa Barbara leben. Weitere Details und Angaben dazu, wie genau Meghan in die Geschichte involviert ist, wurden bislang noch nicht \u00f6ffentlich bekannt gegeben.<\/p>\n","protected":false},"excerpt":{"rendered":"Herzogin zur\u00fcck am Set Meghan arbeitet wieder als Schauspielerin 07.11.2025, 11:33 Uhr Artikel anh\u00f6ren Diese Audioversion wurde k\u00fcnstlich&hellip;\n","protected":false},"author":2,"featured_media":557822,"comment_status":"","ping_status":"","sticky":false,"template":"","format":"standard","meta":{"footnotes":""},"categories":[155],"tags":[2478,29,214,92,30,683,11657,215],"class_list":{"0":"post-557821","1":"post","2":"type-post","3":"status-publish","4":"format-standard","5":"has-post-thumbnail","7":"category-unterhaltung","8":"tag-britisches-koenigshaus","9":"tag-deutschland","10":"tag-entertainment","11":"tag-film","12":"tag-germany","13":"tag-hollywood","14":"tag-meghan-markle","15":"tag-unterhaltung"},"share_on_mastodon":{"url":"https:\/\/pubeurope.com\/@de\/115508214747282625","error":""},"_links":{"self":[{"href":"https:\/\/www.europesays.com\/de\/wp-json\/wp\/v2\/posts\/557821","targetHints":{"allow":["GET"]}}],"collection":[{"href":"https:\/\/www.europesays.com\/de\/wp-json\/wp\/v2\/posts"}],"about":[{"href":"https:\/\/www.europesays.com\/de\/wp-json\/wp\/v2\/types\/post"}],"author":[{"embeddable":true,"href":"https:\/\/www.europesays.com\/de\/wp-json\/wp\/v2\/users\/2"}],"replies":[{"embeddable":true,"href":"https:\/\/www.europesays.com\/de\/wp-json\/wp\/v2\/comments?post=557821"}],"version-history":[{"count":0,"href":"https:\/\/www.europesays.com\/de\/wp-json\/wp\/v2\/posts\/557821\/revisions"}],"wp:featuredmedia":[{"embeddable":true,"href":"https:\/\/www.europesays.com\/de\/wp-json\/wp\/v2\/media\/557822"}],"wp:attachment":[{"href":"https:\/\/www.europesays.com\/de\/wp-json\/wp\/v2\/media?parent=557821"}],"wp:term":[{"taxonomy":"category","embeddable":true,"href":"https:\/\/www.europesays.com\/de\/wp-json\/wp\/v2\/categories?post=557821"},{"taxonomy":"post_tag","embeddable":true,"href":"https:\/\/www.europesays.com\/de\/wp-json\/wp\/v2\/tags?post=557821"}],"curies":[{"name":"wp","href":"https:\/\/api.w.org\/{rel}","templated":true}]}}