{"id":557926,"date":"2025-11-07T12:32:18","date_gmt":"2025-11-07T12:32:18","guid":{"rendered":"https:\/\/www.europesays.com\/de\/557926\/"},"modified":"2025-11-07T12:32:18","modified_gmt":"2025-11-07T12:32:18","slug":"verdacht-auf-k-o-tropfen-ist-doch-nicht-normal-augenzeugin-berichtet-von-halloween-party-in-wangen","status":"publish","type":"post","link":"https:\/\/www.europesays.com\/de\/557926\/","title":{"rendered":"Verdacht auf K.o.-Tropfen: \u201eIst doch nicht normal\u201c \u2013 Augenzeugin berichtet von Halloween-Party in Wangen"},"content":{"rendered":"<p>\t\t\t\t\t\t\t\t\t\t\t\t\t\t\t\t\t\t\t\t\t\t\t\t\t\t\t\t      \t\t            \t\t             \t\t\t\t   \t\t\t\t\t   <img decoding=\"async\" id=\"article-image\" fetchpriority=\"high\" alt=\"Verdacht auf K.o.-Tropfen: \u201eIst doch nicht normal\u201c \u2013 Augenzeugin berichtet von Halloween-Party in Wangen\" title=\"Verdacht auf K.o.-Tropfen: \u201eIst doch nicht normal\u201c \u2013 Augenzeugin berichtet von Halloween-Party in Wangen\" src=\"https:\/\/www.europesays.com\/de\/wp-content\/uploads\/2025\/11\/media.media.d275a8d6-1fda-4a13-a327-a6fd80f10293.16x9_700.jpg\" data-linkto=\"https:\/\/www.stuttgarter-nachrichten.de\/javascript:void(0);\"\/>\t\t\t\t\t\t\t\t\t\t\t\t\t\t\t\t\t\t\t\t\t\t\t\tC\u00e9line L\u00fctzelschwab hat das Chaos am Halloweenabend mitbekommen.\u00a0Foto: privat\/@celineglows\t\t\t<\/p>\n<p>Nach den Vorf\u00e4llen auf einer Halloween-Party in Stuttgart ermittelt die Polizei weiter. Eine Augenzeugin schildert ihre Eindr\u00fccke und spricht von \u201ekomplett bewusstlosen M\u00e4dchen\u201c.<\/p>\n<p>F\u00fcr diejenigen, die auf der <a href=\"https:\/\/www.stuttgarter-nachrichten.de\/thema\/Halloween-Party\" title=\"Halloween-Party\" class=\"art_thema\" rel=\"nofollow noopener\" target=\"_blank\">Halloween-Party<\/a> in <a href=\"https:\/\/www.stuttgarter-nachrichten.de\/thema\/Stuttgart\" title=\"Stuttgart\" class=\"art_thema\" rel=\"nofollow noopener\" target=\"_blank\">Stuttgart<\/a>&#8211;<a href=\"https:\/\/www.stuttgarter-nachrichten.de\/thema\/Wangen\" title=\"Wangen\" class=\"art_thema\" rel=\"nofollow noopener\" target=\"_blank\">Wangen<\/a> waren, m\u00fcssen die Bilder irritierend gewesen sein: <a href=\"https:\/\/www.stuttgarter-nachrichten.de\/inhalt.halloween-party-in-stuttgart-11-verletzte-bei-konzert-von-rapper-jazeek-verdacht-auf-k-o-tropfen.c4d85bf3-0e1c-404e-beae-40ac0e8415fb.html\" target=\"_blank\" rel=\"nofollow noopener\">Elf Menschen brachen zusammen<\/a>, einige mussten bewusstlos aus der Halle getragen werden, zahlreiche Einsatzfahrzeuge r\u00fcckten an. Die <a href=\"https:\/\/www.stuttgarter-nachrichten.de\/thema\/Polizei\" title=\"Polizei\" class=\"art_thema\" rel=\"nofollow noopener\" target=\"_blank\">Polizei<\/a> Stuttgart ermittelt wegen des Verdachts auf die Verabreichung von K.o.-Tropfen.<\/p>\n<p>Eine Augenzeugin, die in jener Nacht zur Party gehen wollte, schildert nun in einem Video auf TikTok ihre Eindr\u00fccke. Es sei f\u00fcr sie unklar gewesen, was auf der Feier mit Rapper Jazeek passiert sei. Nach und nach seien immer wieder \u201eM\u00e4dchen nach drau\u00dfen getragen\u201c worden und immer mehr Rettungskr\u00e4fte anger\u00fcckt. \u201eDas war nicht normal\u201c, sagt C\u00e9line L\u00fctzelschwab. Es habe keine Infos gegeben, was passiert sei. Sie kritisiert zudem, dass die Organisation schlecht gewesen sei. Menschen h\u00e4tten bis zu drei Stunden in der Schlange gewartet, es seien offenbar viel zu viele Tickets verkauft worden. <\/p>\n<p> K.o.-Tropfen bei <a href=\"https:\/\/www.stuttgarter-nachrichten.de\/thema\/Halloween\" title=\"Halloween\" class=\"art_thema\" rel=\"nofollow noopener\" target=\"_blank\">Halloween<\/a>-Party? Polizei ermittelt <\/p>\n<p>Rund eine Woche nach der Party in Wangen, die vorzeitig abgebrochen werden musste, laufen die <a href=\"https:\/\/www.stuttgarter-nachrichten.de\/thema\/Ermittlungen\" title=\"Ermittlungen\" class=\"art_thema\" rel=\"nofollow noopener\" target=\"_blank\">Ermittlungen<\/a> der Polizei weiter. Den Angaben zufolge hatten in der Nacht zum 2. November elf Personen mit Symptomen wie Schwindel, \u00dcbelkeit, Bewusstlosigkeit und Erinnerungsl\u00fccken zu k\u00e4mpfen \u2013 teilweise wurden sie im Krankenhaus behandelt. <\/p>\n<p>Die Symptome der Betroffenen deuteten laut Polizei auf K.o.-Tropfen hin. In der Partynacht wurde den Betroffenen deshalb Blut- und Urinproben entnommen. \u201eDie Ergebnisse dazu liegen noch nicht vor\u201c, sagt Polizeisprecher Stephan Widmann, \u201eaber die Ermittlungen laufen unabh\u00e4ngig davon weiter.\u201c <\/p>\n<p>Unter dem Video auf TikTok berichten mehrere Frauen, dass sie bereits \u00e4hnliche Erfahrungen gemacht h\u00e4tten wie diejenigen auf der Halloween-Party in Stuttgart: \u201eSowas geht verdammt schnell und wird auch manchmal schon hinter der Bar vermischt&#8230; man wei\u00df es nie\u201c, schreibt eine Nutzerin. \u201eIch lasse mich nicht mehr zu Getr\u00e4nken einladen und in Clubs nehme ich nur Getr\u00e4nke, die in verschlossenen Flaschen sind. Meine Getr\u00e4nke stehen niemals unbeobachtet rum. Man kann nicht genug aufpassen\u201c, lautet ein anderer Kommentar. <\/p>\n","protected":false},"excerpt":{"rendered":"C\u00e9line L\u00fctzelschwab hat das Chaos am Halloweenabend mitbekommen.\u00a0Foto: privat\/@celineglows Nach den Vorf\u00e4llen auf einer Halloween-Party in Stuttgart ermittelt&hellip;\n","protected":false},"author":2,"featured_media":557927,"comment_status":"","ping_status":"","sticky":false,"template":"","format":"standard","meta":{"footnotes":""},"categories":[1830],"tags":[4067,125451,84797,1634,3364,29,30,24403,2450,121,1441,5329,46246],"class_list":{"0":"post-557926","1":"post","2":"type-post","3":"status-publish","4":"format-standard","5":"has-post-thumbnail","7":"category-stuttgart","8":"tag-ermittlungen","9":"tag-halloween-party","10":"tag-halloween","11":"tag-baden-wuerttemberg","12":"tag-de","13":"tag-deutschland","14":"tag-germany","15":"tag-k-o-tropfen","16":"tag-party","17":"tag-polizei","18":"tag-stuttgart","19":"tag-video","20":"tag-wangen"},"share_on_mastodon":{"url":"https:\/\/pubeurope.com\/@de\/115508435812096177","error":""},"_links":{"self":[{"href":"https:\/\/www.europesays.com\/de\/wp-json\/wp\/v2\/posts\/557926","targetHints":{"allow":["GET"]}}],"collection":[{"href":"https:\/\/www.europesays.com\/de\/wp-json\/wp\/v2\/posts"}],"about":[{"href":"https:\/\/www.europesays.com\/de\/wp-json\/wp\/v2\/types\/post"}],"author":[{"embeddable":true,"href":"https:\/\/www.europesays.com\/de\/wp-json\/wp\/v2\/users\/2"}],"replies":[{"embeddable":true,"href":"https:\/\/www.europesays.com\/de\/wp-json\/wp\/v2\/comments?post=557926"}],"version-history":[{"count":0,"href":"https:\/\/www.europesays.com\/de\/wp-json\/wp\/v2\/posts\/557926\/revisions"}],"wp:featuredmedia":[{"embeddable":true,"href":"https:\/\/www.europesays.com\/de\/wp-json\/wp\/v2\/media\/557927"}],"wp:attachment":[{"href":"https:\/\/www.europesays.com\/de\/wp-json\/wp\/v2\/media?parent=557926"}],"wp:term":[{"taxonomy":"category","embeddable":true,"href":"https:\/\/www.europesays.com\/de\/wp-json\/wp\/v2\/categories?post=557926"},{"taxonomy":"post_tag","embeddable":true,"href":"https:\/\/www.europesays.com\/de\/wp-json\/wp\/v2\/tags?post=557926"}],"curies":[{"name":"wp","href":"https:\/\/api.w.org\/{rel}","templated":true}]}}