{"id":558381,"date":"2025-11-07T17:08:16","date_gmt":"2025-11-07T17:08:16","guid":{"rendered":"https:\/\/www.europesays.com\/de\/558381\/"},"modified":"2025-11-07T17:08:16","modified_gmt":"2025-11-07T17:08:16","slug":"muenchen-heute-nachrichten-vom-07-11-25-muenchen","status":"publish","type":"post","link":"https:\/\/www.europesays.com\/de\/558381\/","title":{"rendered":"M\u00fcnchen heute &#8211; Nachrichten vom 07.11.25 &#8211; M\u00fcnchen"},"content":{"rendered":"<p data-manual=\"paragraph\" data-schema-org-speakable=\"true\" class=\"css-1eosz7k\"><strong>DER TAG IN <\/strong><strong><a href=\"https:\/\/www.sueddeutsche.de\/thema\/M%C3%BCnchen\" rel=\"nofollow noopener\" target=\"_blank\">M\u00dcNCHEN<\/a><\/strong><\/p>\n<p data-manual=\"paragraph\" data-schema-org-speakable=\"true\" class=\"css-1eosz7k\"><strong>So soll M\u00fcnchens Altstadt in Zukunft aussehen<\/strong> Mehr Gr\u00fcn, breitere Fu\u00dfg\u00e4ngerwege, Kennzeichenerfassung und Parkpl\u00e4tze, die nach und nach von der Oberfl\u00e4che verschwinden \u2013 \u00a0der Stadtrat befasst sich mit einem neuen Konzept f\u00fcr M\u00fcnchens Mitte. <a href=\"https:\/\/www.sueddeutsche.de\/muenchen\/muenchen-altstadt-konzept-verkehr-li.3335423\" rel=\"nofollow noopener\" target=\"_blank\">Nat\u00fcrlich l\u00e4sst die Kritik nicht lange auf sich warten.<\/a><\/p>\n<p data-manual=\"paragraph\" data-schema-org-speakable=\"true\" class=\"css-1eosz7k\"><strong>\u201eDie Eisbachwelle war nie als Surfspot geplant\u201c <\/strong>Robert Meier-Staude ist Surfer \u2013 und als Ingenieur Experte f\u00fcr urbane Wellen. Er erkl\u00e4rt, was bei der Bachauskehr schiefgelaufen ist <a href=\"https:\/\/www.sueddeutsche.de\/muenchen\/muenchen-eisbachwelle-verschwunden-gruende-experte-interview-li.3335376\" rel=\"nofollow noopener\" target=\"_blank\">und wie die Eisbachwelle wieder zur\u00fcckkehren k\u00f6nnte (SZ Plus).<\/a><\/p>\n<p data-manual=\"paragraph\" data-schema-org-speakable=\"true\" class=\"css-1eosz7k\"><strong>Bayerns beste Auszubildende muss ausreisen<\/strong> Natia Beridse kommt aus Georgien, um sich in M\u00fcnchen eine Zukunft aufzubauen. Die B\u00e4ckerei, in der sie ihre Ausbildung macht, ist stolz auf sie. Doch sie begeht einen Fehler <a href=\"https:\/\/www.sueddeutsche.de\/muenchen\/muenchen-auszubildende-abgeschoben-migration-asyl-li.3325227\" rel=\"nofollow noopener\" target=\"_blank\">\u2013 und bekommt die neue Sch\u00e4rfe in der Migrationsdebatte zu sp\u00fcren (SZ Plus).<\/a><\/p>\n<p data-manual=\"paragraph\" data-schema-org-speakable=\"true\" class=\"css-1eosz7k\"><strong>Wenn die Hightech-Firma in alten Bahn-Hallen einzieht<\/strong> Dass man Geb\u00e4ude nicht einfach abrei\u00dft, sondern kreativ umbaut, ist l\u00e4ngst eine \u00f6kologische Notwendigkeit. <a href=\"https:\/\/www.sueddeutsche.de\/muenchen\/muenchen-umbau-statt-abriss-projekte-beispiele-planungsreferat-li.3331771\" rel=\"nofollow noopener\" target=\"_blank\">So k\u00f6nnten auch Tausende Wohnungen aus B\u00fcros entstehen.<\/a><\/p>\n<p data-manual=\"paragraph\" data-schema-org-speakable=\"true\" class=\"css-1eosz7k\"><strong>WEITERE NACHRICHTEN<\/strong><\/p>\n<p data-manual=\"paragraph\" data-schema-org-speakable=\"true\" class=\"css-1eosz7k\"><strong>Energieversorgung:<\/strong> <a href=\"https:\/\/www.sueddeutsche.de\/muenchen\/muenchen-swm-erdgaspreise-2026-senkung-li.3335711\" rel=\"nofollow noopener\" target=\"_blank\">Stadtwerke M\u00fcnchen senken Gaspreise<\/a><\/p>\n<p data-manual=\"paragraph\" data-schema-org-speakable=\"true\" class=\"css-1eosz7k\"><strong>Verbrannte Obdachlose:<\/strong> <a href=\"https:\/\/www.sueddeutsche.de\/muenchen\/muenchen-obdachlose-milbertshofen-angezuendet-festgenommen-li.3335773\" rel=\"nofollow noopener\" target=\"_blank\">Polizei nimmt 28-j\u00e4hrige Verd\u00e4chtige fest<\/a><\/p>\n<p data-manual=\"paragraph\" data-schema-org-speakable=\"true\" class=\"css-1eosz7k\"><strong>Nach Tramunfall im Mai:<\/strong> <a href=\"https:\/\/www.sueddeutsche.de\/muenchen\/muenchen-unfall-polizei-donnersbergerbruecke-tram-haltestelle-li.3335889\" rel=\"nofollow noopener\" target=\"_blank\">Wieder kracht ein Auto in die Haltestelle an der Donnersbergerbr\u00fccke<\/a><\/p>\n<p data-manual=\"paragraph\" data-schema-org-speakable=\"true\" class=\"css-1eosz7k\"><strong>K\u00fcnstliche Intelligenz:<\/strong> <a href=\"https:\/\/www.sueddeutsche.de\/muenchen\/muenchen-anthropic-buero-kuenstliche-intelligenz-li.3335712\" rel=\"nofollow noopener\" target=\"_blank\">Open-AI-Konkurrent Anthropic er\u00f6ffnet B\u00fcro in M\u00fcnchen<\/a><\/p>\n<p data-manual=\"paragraph\" data-schema-org-speakable=\"true\" class=\"css-1eosz7k\"><strong>M\u00dcNCHEN ERLESEN<\/strong><\/p>\n<p><a href=\"https:\/\/www.sueddeutsche.de\/muenchen\/landkreismuenchen\/gruenwald-einbrueche-villen-polizei-ralph-siegel-li.3329824\" aria-label=\"Artikelverlinkung:\" data-track-szde=\"{&quot;event&quot;:&quot;teaser_clicked&quot;,&quot;teaser_clicked&quot;:{&quot;article_title&quot;:&quot;sie_kommen_mit_masken_und_fotografieren_die_promi_villen&quot;,&quot;doctype&quot;:&quot;&quot;,&quot;label&quot;:&quot;szplus&quot;,&quot;main_topic&quot;:&quot;landkreis_muenchen&quot;,&quot;object_id&quot;:&quot;li.3329824&quot;,&quot;pcat&quot;:&quot;paid&quot;,&quot;section&quot;:&quot;landkreis_muenchen&quot;,&quot;teaser_type&quot;:&quot;article_teaser_top&quot;}}\" data-manual=\"teaser-url\" data-tb-link=\"\" aria-labelledby=\"teaser-httpswwwsueddeutschedemuenchenlandkreismuenchengruenwald-einbrueche-villen-polizei-ralph-siegel-li3329824\" class=\"css-14tg8sh\" rel=\"nofollow noopener\" target=\"_blank\"><img decoding=\"async\" src=\"https:\/\/www.europesays.com\/de\/wp-content\/uploads\/2025\/11\/46767bef-8a72-432e-8796-588835c1a536.jpg\"   alt=\"\" loading=\"lazy\" class=\"css-8atqhb\"\/><\/p>\n<p>Angst im M\u00fcnchner Nobel-Vorort<\/p>\n<p>:Sie kommen mit Masken und fotografieren die Promi-Villen<\/p>\n<p class=\"css-a6ecqs\" data-manual=\"teaser-text\" data-tb-description=\"\" data-schema-org-speakable=\"true\">Gibt das Hauspersonal Insider-Tipps f\u00fcr Einbr\u00fcche? Oder haben sich die T\u00e4ter gar in der N\u00e4he eingemietet? In Gr\u00fcnwald geht die Angst um. Wovor die Reichen jetzt zittern.<\/p>\n<p>SZ PlusVon Lisa Marie Wimmer<a href=\"https:\/\/www.sueddeutsche.de\/muenchen\/muenchen-sketch-comedy-bappas-simon-pearce-sebastian-winkler-interview-li.3329393\" aria-label=\"Artikelverlinkung:\" data-track-szde=\"{&quot;event&quot;:&quot;teaser_clicked&quot;,&quot;teaser_clicked&quot;:{&quot;article_title&quot;:&quot;wie_geil_waere_das_wenn_ein_bundesliga_fussballer_elternzeit_nimmt&quot;,&quot;doctype&quot;:&quot;&quot;,&quot;label&quot;:&quot;szplus&quot;,&quot;main_topic&quot;:&quot;leben_und_gesellschaft_in_muenchen&quot;,&quot;object_id&quot;:&quot;li.3329393&quot;,&quot;pcat&quot;:&quot;paid&quot;,&quot;section&quot;:&quot;muenchen&quot;,&quot;teaser_type&quot;:&quot;article_teaser_top&quot;}}\" data-manual=\"teaser-url\" data-tb-link=\"\" aria-labelledby=\"teaser-httpswwwsueddeutschedemuenchenmuenchen-sketch-comedy-bappas-simon-pearce-sebastian-winkler-interview-li3329393\" class=\"css-14tg8sh\" rel=\"nofollow noopener\" target=\"_blank\"><img decoding=\"async\" src=\"https:\/\/www.europesays.com\/de\/wp-content\/uploads\/2025\/11\/aa590483-fe64-4790-bc9c-60d3873bd0f1.jpg\"   alt=\"\" loading=\"lazy\" class=\"css-8atqhb\"\/><\/p>\n<p>Neue Sketch-Comedy von Simon Pearce und Sebastian Winkler<\/p>\n<p>:\u201eWie geil w\u00e4re das, wenn ein Bundesliga-Fu\u00dfballer Elternzeit nimmt?\u201c<\/p>\n<p class=\"css-a6ecqs\" data-manual=\"teaser-text\" data-tb-description=\"\" data-schema-org-speakable=\"true\">In \u201eBappas\u201c nehmen Simon Pearce und Sebastian Winkler den ganzen Wahnsinn, den junge V\u00e4ter so erleben, aufs Korn. Ein Gespr\u00e4ch \u00fcber lustige Papas, aufwendige \u201ePaw-Patrol\u201c-Torten zum Kindergeburtstag \u2013 und \u201ePumuckl\u201c-Schauen in Paris.<\/p>\n<p>SZ PlusInterview von Johanna Feckl<\/p>\n<p data-manual=\"paragraph\" data-schema-org-speakable=\"true\" class=\"css-1eosz7k\"><strong>UNSER GASTROTIPP<\/strong><\/p>\n<p><a href=\"https:\/\/www.sueddeutsche.de\/muenchen\/muenchen-fruehstueck-cafe-fuud-neuhausen-vegan-li.3299983\" aria-label=\"Artikelverlinkung:\" data-track-szde=\"{&quot;event&quot;:&quot;teaser_clicked&quot;,&quot;teaser_clicked&quot;:{&quot;article_title&quot;:&quot;einen_der_wenigen_plaetze_zu_ergattern_ist_schwierig&quot;,&quot;doctype&quot;:&quot;&quot;,&quot;label&quot;:&quot;&quot;,&quot;main_topic&quot;:&quot;essen_und_trinken_in_muenchen&quot;,&quot;object_id&quot;:&quot;li.3299983&quot;,&quot;pcat&quot;:&quot;metered&quot;,&quot;section&quot;:&quot;muenchen&quot;,&quot;teaser_type&quot;:&quot;article_teaser_top&quot;}}\" data-manual=\"teaser-url\" data-tb-link=\"\" aria-labelledby=\"teaser-httpswwwsueddeutschedemuenchenmuenchen-fruehstueck-cafe-fuud-neuhausen-vegan-li3299983\" class=\"css-14tg8sh\" rel=\"nofollow noopener\" target=\"_blank\"><img decoding=\"async\" src=\"https:\/\/www.europesays.com\/de\/wp-content\/uploads\/2025\/11\/886f9a4a-71e3-44f7-963e-2baa0e7d50fa.jpg\"   alt=\"\" loading=\"lazy\" class=\"css-8atqhb\"\/><\/p>\n<p>Caf\u00e9 Fuud in Neuhausen<\/p>\n<p>:Einen der wenigen Pl\u00e4tze zu ergattern, ist schwierig<\/p>\n<p class=\"css-a6ecqs\" data-manual=\"teaser-text\" data-tb-description=\"\" data-schema-org-speakable=\"true\">Die bekannte Food-Influencerin Shabnam Rebo hat in Neuhausen ein Caf\u00e9 er\u00f6ffnet\u00a0\u2013 mit kleiner Speisekarte und schlichter Einrichtung. Der Andrang ist enorm.<\/p>\n<p data-manual=\"paragraph\" data-schema-org-speakable=\"true\" class=\"css-1eosz7k\"><a href=\"https:\/\/www.sueddeutsche.de\/thema\/Restaurants\" rel=\"nofollow noopener\" target=\"_blank\">Restaurants in M\u00fcnchen<\/a> | <a href=\"https:\/\/www.sueddeutsche.de\/thema\/Bars\" rel=\"nofollow noopener\" target=\"_blank\">Bars in M\u00fcnchen<\/a> | <a href=\"https:\/\/www.sueddeutsche.de\/thema\/Fr%C3%BChst%C3%BCck_und_Brunch\" rel=\"nofollow noopener\" target=\"_blank\">Fr\u00fchst\u00fcck und Brunch<\/a><strong>Zu den Landkreisen:<\/strong> <a href=\"https:\/\/www.sueddeutsche.de\/muenchen\/wolfratshausen\" rel=\"nofollow noopener\" target=\"_blank\">Bad T\u00f6lz-Wolfratshausen<\/a> | <a href=\"https:\/\/www.sueddeutsche.de\/muenchen\/dachau\" rel=\"nofollow noopener\" target=\"_blank\">Dachau<\/a> | <a href=\"https:\/\/www.sueddeutsche.de\/muenchen\/ebersberg\" rel=\"nofollow noopener\" target=\"_blank\">Ebersberg<\/a> | <a href=\"https:\/\/www.sueddeutsche.de\/muenchen\/erding\" rel=\"nofollow noopener\" target=\"_blank\">Erding<\/a> | <a href=\"https:\/\/www.sueddeutsche.de\/muenchen\/freising\" rel=\"nofollow noopener\" target=\"_blank\">Freising<\/a> | <a href=\"https:\/\/www.sueddeutsche.de\/muenchen\/fuerstenfeldbruck\" rel=\"nofollow noopener\" target=\"_blank\">F\u00fcrstenfeldbruck<\/a> | <a href=\"https:\/\/www.sueddeutsche.de\/muenchen\/landkreismuenchen\" rel=\"nofollow noopener\" target=\"_blank\">M\u00fcnchen<\/a> | <a href=\"https:\/\/www.sueddeutsche.de\/muenchen\/starnberg\" rel=\"nofollow noopener\" target=\"_blank\">Starnberg<\/a><\/p>\n","protected":false},"excerpt":{"rendered":"DER TAG IN M\u00dcNCHEN So soll M\u00fcnchens Altstadt in Zukunft aussehen Mehr Gr\u00fcn, breitere Fu\u00dfg\u00e4ngerwege, Kennzeichenerfassung und Parkpl\u00e4tze,&hellip;\n","protected":false},"author":2,"featured_media":387201,"comment_status":"","ping_status":"","sticky":false,"template":"","format":"standard","meta":{"footnotes":""},"categories":[1827],"tags":[772,29,30,1268,2338,2339,149],"class_list":{"0":"post-558381","1":"post","2":"type-post","3":"status-publish","4":"format-standard","5":"has-post-thumbnail","7":"category-muenchen","8":"tag-bayern","9":"tag-deutschland","10":"tag-germany","11":"tag-muenchen","12":"tag-newsletter","13":"tag-oberbayern","14":"tag-sueddeutsche-zeitung"},"share_on_mastodon":{"url":"https:\/\/pubeurope.com\/@de\/115509520978467404","error":""},"_links":{"self":[{"href":"https:\/\/www.europesays.com\/de\/wp-json\/wp\/v2\/posts\/558381","targetHints":{"allow":["GET"]}}],"collection":[{"href":"https:\/\/www.europesays.com\/de\/wp-json\/wp\/v2\/posts"}],"about":[{"href":"https:\/\/www.europesays.com\/de\/wp-json\/wp\/v2\/types\/post"}],"author":[{"embeddable":true,"href":"https:\/\/www.europesays.com\/de\/wp-json\/wp\/v2\/users\/2"}],"replies":[{"embeddable":true,"href":"https:\/\/www.europesays.com\/de\/wp-json\/wp\/v2\/comments?post=558381"}],"version-history":[{"count":0,"href":"https:\/\/www.europesays.com\/de\/wp-json\/wp\/v2\/posts\/558381\/revisions"}],"wp:featuredmedia":[{"embeddable":true,"href":"https:\/\/www.europesays.com\/de\/wp-json\/wp\/v2\/media\/387201"}],"wp:attachment":[{"href":"https:\/\/www.europesays.com\/de\/wp-json\/wp\/v2\/media?parent=558381"}],"wp:term":[{"taxonomy":"category","embeddable":true,"href":"https:\/\/www.europesays.com\/de\/wp-json\/wp\/v2\/categories?post=558381"},{"taxonomy":"post_tag","embeddable":true,"href":"https:\/\/www.europesays.com\/de\/wp-json\/wp\/v2\/tags?post=558381"}],"curies":[{"name":"wp","href":"https:\/\/api.w.org\/{rel}","templated":true}]}}