{"id":558503,"date":"2025-11-07T18:19:14","date_gmt":"2025-11-07T18:19:14","guid":{"rendered":"https:\/\/www.europesays.com\/de\/558503\/"},"modified":"2025-11-07T18:19:14","modified_gmt":"2025-11-07T18:19:14","slug":"bei-diesen-10-umzuegen-in-bremen-und-bremerhaven-funkeln-die-laternen","status":"publish","type":"post","link":"https:\/\/www.europesays.com\/de\/558503\/","title":{"rendered":"Bei diesen 10 Umz\u00fcgen in Bremen und Bremerhaven funkeln die Laternen"},"content":{"rendered":"<p class=\"article-toplinewrapper\">\n<p>Standdatum: 7. November 2025.<\/p>\n<p>Autorinnen und Autoren:<br \/>\nJule Rehenbrock<\/p>\n<p><a href=\"https:\/\/www.butenunbinnen.de\/bilder\/laternenumzug-100~_v-800x450_c-1762181223646.jpg\" data-gallery-entry-for=\"bremen-laternenumzug-gross-bremerhaven-100\" data-size=\"2560x1440\" class=\"text-link\" target=\"_blank\" rel=\"noopener\"><\/p>\n<p><img decoding=\"async\" class=\"image -image-with-fallback -image-rounded  lazyload\" src=\"data:image\/gif;base64,R0lGODlhEAAJAIAAAP\/\/\/\/\/\/\/yH5BAEKAAEALAAAAAAQAAkAAAIKjI+py+0Po5yUFQA7\"   alt=\"Kinder laufen mit ihrer Laterne\" title=\"Bild: Imago | Eibner\" data-image-owner=\"Imago | Eibner\" data-image-title=\"Kinder laufen mit ihrer Laterne\" data-image-src=\"https:\/\/www.butenunbinnen.de\/bilder\/laternenumzug-100~_v-800x450_c-1762181223646.jpg\" data-image-rights-src=\"\/bilder\/laternenumzug-100~_v-640x360_c-1762181223646.jpg\"\/><\/p>\n<p><\/a><\/p>\n<p>Die Legende des St. Martin entstand bereits im vierten Jahrhundert. (Symbolbild)<\/p>\n<p>Bild: Imago | Eibner<\/p>\n<p class=\"article-intro\">Egal ob selbstgebastelt oder nicht, im Herbst ziehen viele Kinder und Eltern mit ihren Laternen los \u2013 heute beim &#8222;Lichtermeer&#8220; in der Innenstadt. Aber das ist nicht der einzige Ort.<\/p>\n<p>Am 11. November ist Martinstag. Auch in diesem Jahr kommen viele Familien zusammen, um gemeinsam durch die Stra\u00dfen zu wandern und mit warmen Getr\u00e4nken den Abend ausklingen zu lassen. An diesen Orten finden die gr\u00f6\u00dften Laternenumz\u00fcge in Bremen und Bremerhaven statt und was im Programm steht.<\/p>\n<p>Wo man in Bremen mit der Laterne laufen kann<br \/>\n1 Bremen Vier Lichtermeer<\/p>\n<p><a href=\"https:\/\/www.butenunbinnen.de\/bilder\/lichtermeer-bremen-108~_v-512x288_c-1698852409014.jpg\" data-gallery-entry-for=\"bremen-laternenumzug-gross-bremerhaven-100\" data-size=\"1920x1080\" class=\"text-link\" target=\"_blank\" rel=\"noopener\"><\/p>\n<p><img decoding=\"async\" class=\"image -image-with-fallback -image-rounded  lazyload\" src=\"data:image\/gif;base64,R0lGODlhEAAJAIAAAP\/\/\/\/\/\/\/yH5BAEKAAEALAAAAAAQAAkAAAIKjI+py+0Po5yUFQA7\"   alt=\"Lichtermeer in Bremen\" title=\"Bild: Radio Bremen | Marissa Kimmel\" data-image-owner=\"Radio Bremen | Marissa Kimmel\" data-image-title=\"Lichtermeer in Bremen\" data-image-src=\"https:\/\/www.butenunbinnen.de\/bilder\/lichtermeer-bremen-108~_v-512x288_c-1698852409014.jpg\" data-image-rights-src=\"\/bilder\/lichtermeer-bremen-108~_v-640x360_c-1698852409014.jpg\"\/><\/p>\n<p><\/a><\/p>\n<p>Im letzten Jahr erschienen \u00fcber 4.000 Besucher und Besucherinnen zum Bremen Vier Lichtermeer.<\/p>\n<p>Bild: Radio Bremen | Marissa Kimmel<\/p>\n<p>Das Bremen Vier Lichtermeer ist nach eigenen Angaben auch in diesem Jahr der gr\u00f6\u00dfte Laternenumzug Bremens. Am Freitag, 7. November, beginnt ab 17 Uhr die Veranstaltung am Bremer Marktplatz. Um 17:30 Uhr beginnt das B\u00fchnenprogramm mit Musik, Live-Moderation sowie weiteren Programmpunkten von Maskottchen bis zum gemeinsamen Singen. Um 18 Uhr startet dann der Laternenumzug durch die Innenstadt und an der Schlachte entlang. Je nach Wetterbedingungen werden um die 4.000 Menschen beim Lichtermeer erwartet.\u00a0<\/p>\n<p>Der Streckenverlauf des Bremen Vier Lichtermeers<\/p>\n<p>Hier k\u00f6nnen Sie sich externe Inhalte (Text, Bild, Video\u2026) von Datawrapper anzeigen lassen<\/p>\n<p class=\"embed-desc\">Stimmen Sie zu, stellt Ihr Browser eine Verbindung mit dem Anbieter her.<br \/><a href=\"https:\/\/www.butenunbinnen.de\/info\/datenschutz\/datenschutz-embeds100.html\" class=\"text-link\" target=\"_blank\" rel=\"noopener\">Mehr Infos zum Thema Datenschutz.<\/a><\/p>\n<p>2 Laternenlauf um den Vahrer See<\/p>\n<p>Ebenfalls am 7. November findet der Laternenlauf um den Vahrer See statt. Dieses Jahr kommen die Besucher ab 16:30 Uhr auf der Berliner Freiheit im Bremer Stadtteil Vahr zusammen. Dort werden fr\u00f6hliche Kinderlieder gesungen. Au\u00dferdem bietet das Familienprogramm Kinderpunsch, W\u00fcrstchen und Kinderschminken bevor der Lauf um den See dann um 18 Uhr beginnt. Erwartet werden zwischen 200 bis 300 Laternenl\u00e4ufer.<\/p>\n<p>Information zum Thema<br \/>\nWer war der Heilige Martin?<\/p>\n<p>Mit dem Laternenlaufen erinnern die Kinder an den r\u00f6mischen Soldaten und sp\u00e4teren Bischof Martin von Tours. Er hatte seinen Mantel mit einem frierenden Bettler geteilt, indem er das Kleidungsst\u00fcck mit dem Schwert zerschnitt. Die Teilung des Mantels gilt als Symbol f\u00fcr die christliche N\u00e4chstenliebe, weshalb von Tours sp\u00e4ter zum Sankt Martin wurde. Die Laternenl\u00e4ufe k\u00f6nnten auf seine Beerdigung zur\u00fcckgehen. Nach seinem Tod am 8. November 397 wurde sein Leichnam am 11. November in einer Lichterprozession nach Tours \u00fcberf\u00fchrt.<\/p>\n<p>Ende der Information zum Thema<\/p>\n<p>3 Laternenlauf in Findorff mit Abschluss im Winterdorf<\/p>\n<p>Am 9. November<strong> <\/strong>um 16 Uhr<strong> <\/strong>startet die Veranstaltung am Findorffermarkt mit einem Musikprogramm. Nach einer halben Stunde beginnt der Laternenumzug und verl\u00e4uft \u00fcber die Karlshafener und die Bamberger Stra\u00dfe zum Findorffer Winterdorf im Jan-Reiners-Park. Der Liederautor Raimund Michels beendet den Abend musikalisch mit anschlie\u00dfendem Essen und Trinken im Winterdorf. <\/p>\n<p>4 Martinslauf der St.-Petri-Domgemeinde<\/p>\n<p><a href=\"https:\/\/www.butenunbinnen.de\/bilder\/laternenumzug-102~_v-512x288_c-1762181614997.jpg\" data-gallery-entry-for=\"bremen-laternenumzug-gross-bremerhaven-100\" data-size=\"2560x1440\" class=\"text-link\" target=\"_blank\" rel=\"noopener\"><\/p>\n<p><img decoding=\"async\" class=\"image -image-with-fallback -image-rounded  lazyload\" src=\"data:image\/gif;base64,R0lGODlhEAAJAIAAAP\/\/\/\/\/\/\/yH5BAEKAAEALAAAAAAQAAkAAAIKjI+py+0Po5yUFQA7\"   alt=\"Kinder laufen mit ihrer Laterne\" title=\"Bild: Imago | Seeliger\" data-image-owner=\"Imago | Seeliger\" data-image-title=\"Kinder laufen mit ihrer Laterne\" data-image-src=\"https:\/\/www.butenunbinnen.de\/bilder\/laternenumzug-102~_v-512x288_c-1762181614997.jpg\" data-image-rights-src=\"\/bilder\/laternenumzug-102~_v-640x360_c-1762181614997.jpg\"\/><\/p>\n<p><\/a><\/p>\n<p>Jedes Jahr kommen viele Kinder mit ihren Laternen zusammen.<\/p>\n<p>Bild: Imago | Seeliger<\/p>\n<p>Die St.-Petri-Domgemeinde l\u00e4uft gemeinsam am 11. November mit ihren Laternen. Treffpunkt des Martinslaufs ist die Wiese vor dem Weserstadion am Osterdeich. Von dort aus l\u00e4uft der Lichterzug gemeinsam mit der Musikschule der Cappella della Musica von 17 Uhr bis 18:30 Uhr weserabw\u00e4rts.<\/p>\n<p>5 Laternenlauf bei der Waller Kirche<\/p>\n<p>Am Dienstag, 11. November, um 16:30 Uhr findet der Laternenlauf der evangelischen Mirjam-Gemeinde statt. Treffpunkt ist an der Waller Kirche, Lange Stra\u00dfe 79, um von dort gemeinsam mit dem\u00a0Posaunenchor durch den Park zu laufen. Auch hier wird der Abend mit Kinderpunsch und W\u00fcrstchen beendet. Die Kirchengemeinde erwartet bis zu 200 Teilnehmer.<\/p>\n<p>Information zum Thema<br \/>\nWas hat Martin Luther mit dem Brauch zu tun?<\/p>\n<p>Die katholische Heiligenverehrung nahm nach der Reformation in protestantischen Orten wie Bremen ab. F\u00fcr das Martinsfest war es da ein sch\u00f6ner Zufall, dass der Reformator &#8222;Martin&#8220; Luther am 10. November geboren und am 11. November, dem &#8222;Martinstag&#8220;, getauft wurde. So erinnert der Martinstag evangelische Christen auch an den protestantischen Kirchenreformator.<\/p>\n<p>Ende der Information zum Thema<\/p>\n<p>6 Piepe Leuchten in der Bremer Neustadt<\/p>\n<p>Am 14. November ab 16 Uhr versammeln sich Gro\u00df und Klein zum Piepe Leuchten in der Bremer Neustadt. Treffpunkt ist an der Piepe, Buntentorsteinweg. F\u00fcr den Umzug gibt es extra gestaltete Laternen im Bremer Einzelhandel, die man f\u00fcr eine kleine Spende bekommt. Um 16:30 Uhr startet der Laternenlauf entlang der kleinen Weser. Gegen 17:30 ist die Ankunft beim Kiosk Deichschart am Werdersee geplant, wo dann um 18 Uhr mit einer Feuershow und Snacks der Abend ausklingt. In den letzten Jahren nahmen 500 bis 600 Personen an dem Umzug teil.<\/p>\n<p>Diese und weitere Laternenumz\u00fcge in Bremen:<\/p>\n<p>Hier k\u00f6nnen Sie sich externe Inhalte (Text, Bild, Video\u2026) von Datawrapper anzeigen lassen<\/p>\n<p class=\"embed-desc\">Stimmen Sie zu, stellt Ihr Browser eine Verbindung mit dem Anbieter her.<br \/><a href=\"https:\/\/www.butenunbinnen.de\/info\/datenschutz\/datenschutz-embeds100.html\" class=\"text-link\" target=\"_blank\" rel=\"noopener\">Mehr Infos zum Thema Datenschutz.<\/a><\/p>\n<p>Wo man in Bremerhaven mit der Laterne laufen kann<\/p>\n<p>In Bremerhaven gibt es zwar nicht ganz so viele Anlaufstellen f\u00fcr Laternenfeste, aber auch hier f\u00fcllt sich die Innenstadt.<\/p>\n<p>1 Bremerhavener Laternenfest und verkaufsoffener Sonntag<\/p>\n<p>Das Bremerhavener Laternenfest findet am Sonntag, 9. November, von 12 bis 17 Uhr statt. Die Bremerhavener Innenstadt wird zu einer bunten Erlebniswelt, die ein breit gef\u00e4chertes Kinderprogramm bietet. Unter anderem k\u00f6nnen die Besucher hier Laternen basteln, zum Kinderschminken oder mit Ballonmodellage, Glitzer-Tattoos und leuchtenden Walk Acts Spa\u00df haben.<\/p>\n<p>2 Lichtermeer in Bremerhaven<\/p>\n<p>Direkt im Anschluss vom Laternenfest kommt das Bremen Vier Lichtermeer auch nach Bremerhaven. Am 9. November um 17 Uhr kommen alle die nach dem Laternenfest noch nicht Heim wollen auf dem Vorplatz am L\u00e4ngengrad des Mein Outlet &amp; Shopping-Centers zusammen. Ab 17:30 Uhr beginnt das B\u00fchnenprogramm mit Live-Musik. Um 18 Uhr startet der Laternenumzug in Begleitung vom Spielmannszug um den Bremerhavener Zoo herum.<\/p>\n<p>3 Familiengottesdienst mit Laternenumzug in Geestem\u00fcnde<\/p>\n<p>Im Rahmen des 150. Jubil\u00e4um trifft sich die Marien- und Christuskirchengemeinde direkt am Martinstag, 11. November, um 17 Uhr in der Christuskirche in Geestem\u00fcnde. Das Programm beginnt mit einem Familiengottesdienst. Anschlie\u00dfend folgt der Laternenlauf, der mit Kakao, Kinderpunsch und Brezeln beim gem\u00fctlichen Zusammensein beendet wird.<\/p>\n<p>4 Sankt-Martins-Umzug in Bremerhaven-Lehe<\/p>\n<p>Am 14. November um 18 Uhr startet der Sankt-Martins-Umzug vor der Kita St. Willehad. Zuvor kann man bereits ab 14:30 Uhr im Familienzentrum in der Geibelstra\u00dfe Laternen basteln oder ab 16:30 Uhr bei der Kita zu Spielaktionen, Essen und Trinken vorbeikommen. &#8222;Im letzten Jahr waren es rund 200 Kinder, die teilgenommen haben. Dazu kamen die Erwachsenen&#8220;, sagt Sven Gruber. Er ist der erste Vorsitzende des Vereins Deutsche Jugendkraft (DJK) Arminia.<\/p>\n<p class=\"article-legal-broadcast-reference\"><strong>Dieses Thema im Programm:<\/strong><br \/>\nBremen Vier, Bremen Vier, 3. November 2025, 10:50 Uhr<\/p>\n","protected":false},"excerpt":{"rendered":"Standdatum: 7. November 2025. Autorinnen und Autoren: Jule Rehenbrock Die Legende des St. Martin entstand bereits im vierten&hellip;\n","protected":false},"author":2,"featured_media":558504,"comment_status":"","ping_status":"","sticky":false,"template":"","format":"standard","meta":{"footnotes":""},"categories":[1824],"tags":[2420,6703,3364,29,30,35907,135180,135010,93073,127300,25769,17280,3699,10008],"class_list":{"0":"post-558503","1":"post","2":"type-post","3":"status-publish","4":"format-standard","5":"has-post-thumbnail","7":"category-bremen","8":"tag-bremen","9":"tag-bremerhaven","10":"tag-de","11":"tag-deutschland","12":"tag-germany","13":"tag-laterne","14":"tag-laternenlauf","15":"tag-laternenumzuege","16":"tag-lichtermeer","17":"tag-martinstag","18":"tag-orte","19":"tag-sankt-martin","20":"tag-veranstaltung","21":"tag-wo"},"share_on_mastodon":{"url":"https:\/\/pubeurope.com\/@de\/115509799447478011","error":""},"_links":{"self":[{"href":"https:\/\/www.europesays.com\/de\/wp-json\/wp\/v2\/posts\/558503","targetHints":{"allow":["GET"]}}],"collection":[{"href":"https:\/\/www.europesays.com\/de\/wp-json\/wp\/v2\/posts"}],"about":[{"href":"https:\/\/www.europesays.com\/de\/wp-json\/wp\/v2\/types\/post"}],"author":[{"embeddable":true,"href":"https:\/\/www.europesays.com\/de\/wp-json\/wp\/v2\/users\/2"}],"replies":[{"embeddable":true,"href":"https:\/\/www.europesays.com\/de\/wp-json\/wp\/v2\/comments?post=558503"}],"version-history":[{"count":0,"href":"https:\/\/www.europesays.com\/de\/wp-json\/wp\/v2\/posts\/558503\/revisions"}],"wp:featuredmedia":[{"embeddable":true,"href":"https:\/\/www.europesays.com\/de\/wp-json\/wp\/v2\/media\/558504"}],"wp:attachment":[{"href":"https:\/\/www.europesays.com\/de\/wp-json\/wp\/v2\/media?parent=558503"}],"wp:term":[{"taxonomy":"category","embeddable":true,"href":"https:\/\/www.europesays.com\/de\/wp-json\/wp\/v2\/categories?post=558503"},{"taxonomy":"post_tag","embeddable":true,"href":"https:\/\/www.europesays.com\/de\/wp-json\/wp\/v2\/tags?post=558503"}],"curies":[{"name":"wp","href":"https:\/\/api.w.org\/{rel}","templated":true}]}}