{"id":558819,"date":"2025-11-07T21:19:15","date_gmt":"2025-11-07T21:19:15","guid":{"rendered":"https:\/\/www.europesays.com\/de\/558819\/"},"modified":"2025-11-07T21:19:15","modified_gmt":"2025-11-07T21:19:15","slug":"der-sport-tag-rotterdam-fans-randalieren-in-stuttgart","status":"publish","type":"post","link":"https:\/\/www.europesays.com\/de\/558819\/","title":{"rendered":"Der Sport-Tag: Rotterdam-Fans randalieren in Stuttgart"},"content":{"rendered":"<p>                    Der Sport-Tag<br \/>\n                Rotterdam-Fans randalieren in Stuttgart<\/p>\n<p>\t\t\t\t              07.11.2025, 20:35 Uhr<\/p>\n<p>W\u00e4hrend des Europa League Spiels Feyenoord Rotterdam gegen den VfB Stuttgart kommt es zu erheblichen Ausschreitungen zwischen den Fans. Rotterdam-Anh\u00e4nger z\u00fcnden Pyrotechnik, bewaffnen sich mit Baustellenmaterial und rei\u00dfen Absperrgitter im G\u00e4steblock ein. Die Polizei nimmt 16 Personen fest.<\/p>\n","protected":false},"excerpt":{"rendered":"Der Sport-Tag Rotterdam-Fans randalieren in Stuttgart 07.11.2025, 20:35 Uhr W\u00e4hrend des Europa League Spiels Feyenoord Rotterdam gegen den&hellip;\n","protected":false},"author":2,"featured_media":558078,"comment_status":"","ping_status":"","sticky":false,"template":"","format":"standard","meta":{"footnotes":""},"categories":[1830],"tags":[1634,3364,282,29,30,135236,283,1441],"class_list":{"0":"post-558819","1":"post","2":"type-post","3":"status-publish","4":"format-standard","5":"has-post-thumbnail","7":"category-stuttgart","8":"tag-baden-wuerttemberg","9":"tag-de","10":"tag-der","11":"tag-deutschland","12":"tag-germany","13":"tag-rotterdam-fans","14":"tag-sport-tag","15":"tag-stuttgart"},"share_on_mastodon":{"url":"https:\/\/pubeurope.com\/@de\/115510507403708283","error":""},"_links":{"self":[{"href":"https:\/\/www.europesays.com\/de\/wp-json\/wp\/v2\/posts\/558819","targetHints":{"allow":["GET"]}}],"collection":[{"href":"https:\/\/www.europesays.com\/de\/wp-json\/wp\/v2\/posts"}],"about":[{"href":"https:\/\/www.europesays.com\/de\/wp-json\/wp\/v2\/types\/post"}],"author":[{"embeddable":true,"href":"https:\/\/www.europesays.com\/de\/wp-json\/wp\/v2\/users\/2"}],"replies":[{"embeddable":true,"href":"https:\/\/www.europesays.com\/de\/wp-json\/wp\/v2\/comments?post=558819"}],"version-history":[{"count":0,"href":"https:\/\/www.europesays.com\/de\/wp-json\/wp\/v2\/posts\/558819\/revisions"}],"wp:featuredmedia":[{"embeddable":true,"href":"https:\/\/www.europesays.com\/de\/wp-json\/wp\/v2\/media\/558078"}],"wp:attachment":[{"href":"https:\/\/www.europesays.com\/de\/wp-json\/wp\/v2\/media?parent=558819"}],"wp:term":[{"taxonomy":"category","embeddable":true,"href":"https:\/\/www.europesays.com\/de\/wp-json\/wp\/v2\/categories?post=558819"},{"taxonomy":"post_tag","embeddable":true,"href":"https:\/\/www.europesays.com\/de\/wp-json\/wp\/v2\/tags?post=558819"}],"curies":[{"name":"wp","href":"https:\/\/api.w.org\/{rel}","templated":true}]}}