{"id":558834,"date":"2025-11-07T21:27:38","date_gmt":"2025-11-07T21:27:38","guid":{"rendered":"https:\/\/www.europesays.com\/de\/558834\/"},"modified":"2025-11-07T21:27:38","modified_gmt":"2025-11-07T21:27:38","slug":"a7-in-hamburg-gesperrt-auch-der-elbtunnel-ist-dicht","status":"publish","type":"post","link":"https:\/\/www.europesays.com\/de\/558834\/","title":{"rendered":"A7 in Hamburg gesperrt &#8211; auch der Elbtunnel ist dicht"},"content":{"rendered":"<p>        <img decoding=\"async\" src=\"https:\/\/www.europesays.com\/de\/wp-content\/uploads\/2025\/11\/elbtunnel-108.webp\" alt=\"Mehrere Anzeigen weisen am Elbtunnel auf eine Sperrung hin\" title=\"Mehrere Anzeigen weisen am Elbtunnel auf eine Sperrung hin | Jonas Walzberg\" class=\"responsive\"\/><\/p>\n<p>AUDIO: A7 in Hamburg \u00fcbers Wochenende gesperrt (0 Min)<\/p>\n<p>\n            Stand: 07.11.2025 22:04 Uhr<\/p>\n<p class=\"preface\">Die Autobahn 7 in Hamburg ist das ganze Wochenende voll gesperrt. Betroffen ist der Abschnitt zwischen den Anschlussstellen Hamburg-Stellingen und -Heimfeld. Damit ist auch der Elbtunnel dicht.<\/p>\n<p class=\"\">Das Teilst\u00fcck der A7 ist seit dem sp\u00e4ten Freitagabend in beiden Richtungen nicht befahrbar. Die Sperrung dauert bis Montag um 5 Uhr. Der Grund ist die Montage neuer Verkehrszeichenbr\u00fccken. Au\u00dferdem sollen Tests f\u00fcr die Integration der neuen Tunnel-Leitzentrale durchgef\u00fchrt werden.<\/p>\n<p>    Vollsperrung sollte gro\u00dfr\u00e4umig umfahren werden<\/p>\n<p class=\"\">Eine gro\u00dfr\u00e4umige Umleitung w\u00e4hrend der Vollsperrung \u00fcber die A1, A21 und B205 steht f\u00fcr Durchgangsverkehre und die \u00fcberregionalen Verkehre in beiden Fahrtrichtungen zur Verf\u00fcgung und ist ausgewiesen.<\/p>\n<ul>\n<li>Aus S\u00fcden kommend f\u00fchrt die Umleitung ab dem Buchholzer Dreieck\/ Horster Dreieck \u00fcber das AK Maschener Kreuz weiter auf der A1.<\/li>\n<li>Aus Norden kommend fahren Autofahrerinnen und -fahrer ab der Anschlussstelle Neum\u00fcnster-S\u00fcd weiter auf die B205.<\/li>\n<\/ul>\n<p>    Durchfahrt in beiden Fahrtrichtungen nicht m\u00f6glich<\/p>\n<p class=\"\">Gro\u00dfraum- und Schwerlasttransporte m\u00fcssen die A7-Vollsperrung weitr\u00e4umig umfahren, da eine Durchfahrt in beiden Fahrtrichtungen nicht m\u00f6glich ist. Die wiederholten Sperrungen der A7 stehen im Zusammenhang mit ihrem Ausbau auf acht Spuren und dem L\u00e4rmschutz, der verbessert wird. Der gut zwei Kilometer lange\u00a0L\u00e4rmschutztunnel Altona\u00a0soll bis 2028 fertig sein.<\/p>\n<p>    Gro\u00dfdemo und ein HSV-Heimspiel am Sonnabend<\/p>\n<p class=\"\">Zwei Gro\u00dfveranstaltungen am Sonnabend k\u00f6nnten die Verkehrsprobleme in Hamburg versch\u00e4rfen. <a href=\"https:\/\/www.ndr.de\/sport\/fussball\/hsv-will-brutal-grosse-vorfreude-gegen-dortmund-in-punkte-ummuenzen,hsv-756.html\" title=\"HSV will &quot;brutal gro\u00dfe&quot; Vorfreude gegen Borussia Dortmund in Punkte umm\u00fcnzen\" target=\"_blank\" rel=\"noopener\">Der HSV empf\u00e4ngt im Volksparkstadion Borussia Dortmund<\/a> und in der Innenstadt <a href=\"https:\/\/www.ndr.de\/nachrichten\/hamburg\/demos-a7-sperrung-hsv-in-hamburg-wirds-sonnabend-voll,demo-228.html\" title=\"Demos, A7-Sperrung, HSV: In Hamburg wird&#039;s am Sonnabend voll\" target=\"_blank\" rel=\"noopener\">soll eine Demonstration stattfinden<\/a>, zu der der Veranstalter nach Polizeiangaben bis zu 20.000 Teilnehmende erwartet.<\/p>\n<p class=\"\">Eine weitere Vollsperrung des Elbtunnels ist vom 5. bis zum 8. Dezember 2025 geplant.<\/p>\n<p>        <img decoding=\"async\" src=\"https:\/\/www.europesays.com\/de\/wp-content\/uploads\/2025\/10\/stau233.webp\" alt=\"Stau vor dem Elbtunnel in Hamburg\" title=\"Stau vor dem Elbtunnel in Hamburg | picture alliance \/ dpa, Bodo Marks\" class=\"responsive\" loading=\"lazy\"\/><\/p>\n<p>Staus, Baustellen, Gefahrenhinweise und Behinderungen auf den Stra\u00dfen &#8211; die aktuelle Verkehrslage in und um Hamburg.<\/p>\n<p>        <img decoding=\"async\" src=\"https:\/\/www.europesays.com\/de\/wp-content\/uploads\/2025\/11\/elbtunnel-108.webp\" alt=\"Mehrere Anzeigen weisen am Elbtunnel auf eine Sperrung hin\" title=\"Mehrere Anzeigen weisen am Elbtunnel auf eine Sperrung hin | Jonas Walzberg\" class=\"responsive\" loading=\"lazy\"\/><\/p>\n<p>Betroffen sind neben dem Elbtunnel auch Abschnitte der A7 und der A23 in Schleswig-Holstein sowie der A1 und der A261 in Niedersachsen.<\/p>\n<p>        <img decoding=\"async\" src=\"https:\/\/www.europesays.com\/de\/wp-content\/uploads\/2025\/11\/langenfelderbruecke101.webp\" alt=\"Die Computergrafik zeigt, wie die verbreiterte Langenfelder Br\u00fccke in Hamburg aussehen soll.\" title=\"Die Computergrafik zeigt, wie die verbreiterte Langenfelder Br\u00fccke in Hamburg aussehen soll. | DEGES V-KON.media, DEGES V-KON.media\" class=\"responsive\" loading=\"lazy\"\/><\/p>\n<p>Die A7 in Hamburg wird ausgebaut. NDR.de informiert \u00fcber das Bauprojekt und die aktuelle Verkehrslage.<\/p>\n<p>Dieses Thema im Programm:<\/p>\n<p>                NDR Fernsehen | Hamburg Journal | 07.11.2025 | 19:30 Uhr<\/p>\n","protected":false},"excerpt":{"rendered":"AUDIO: A7 in Hamburg \u00fcbers Wochenende gesperrt (0 Min) Stand: 07.11.2025 22:04 Uhr Die Autobahn 7 in Hamburg&hellip;\n","protected":false},"author":2,"featured_media":558835,"comment_status":"","ping_status":"","sticky":false,"template":"","format":"standard","meta":{"footnotes":""},"categories":[1826],"tags":[5260,5259,2461,29,5261,30,692,5263,2224,5262,7387,634,3043,4749],"class_list":{"0":"post-558834","1":"post","2":"type-post","3":"status-publish","4":"format-standard","5":"has-post-thumbnail","7":"category-hamburg","8":"tag-a7","9":"tag-autobahn-7","10":"tag-baustelle","11":"tag-deutschland","12":"tag-elbtunnel","13":"tag-germany","14":"tag-hamburg","15":"tag-heimfeld","16":"tag-sperrung","17":"tag-stellingen","18":"tag-strassenbau","19":"tag-strassenverkehr","20":"tag-vollsperrung","21":"tag-wochenende"},"share_on_mastodon":{"url":"https:\/\/pubeurope.com\/@de\/115510539633856760","error":""},"_links":{"self":[{"href":"https:\/\/www.europesays.com\/de\/wp-json\/wp\/v2\/posts\/558834","targetHints":{"allow":["GET"]}}],"collection":[{"href":"https:\/\/www.europesays.com\/de\/wp-json\/wp\/v2\/posts"}],"about":[{"href":"https:\/\/www.europesays.com\/de\/wp-json\/wp\/v2\/types\/post"}],"author":[{"embeddable":true,"href":"https:\/\/www.europesays.com\/de\/wp-json\/wp\/v2\/users\/2"}],"replies":[{"embeddable":true,"href":"https:\/\/www.europesays.com\/de\/wp-json\/wp\/v2\/comments?post=558834"}],"version-history":[{"count":0,"href":"https:\/\/www.europesays.com\/de\/wp-json\/wp\/v2\/posts\/558834\/revisions"}],"wp:featuredmedia":[{"embeddable":true,"href":"https:\/\/www.europesays.com\/de\/wp-json\/wp\/v2\/media\/558835"}],"wp:attachment":[{"href":"https:\/\/www.europesays.com\/de\/wp-json\/wp\/v2\/media?parent=558834"}],"wp:term":[{"taxonomy":"category","embeddable":true,"href":"https:\/\/www.europesays.com\/de\/wp-json\/wp\/v2\/categories?post=558834"},{"taxonomy":"post_tag","embeddable":true,"href":"https:\/\/www.europesays.com\/de\/wp-json\/wp\/v2\/tags?post=558834"}],"curies":[{"name":"wp","href":"https:\/\/api.w.org\/{rel}","templated":true}]}}