{"id":559414,"date":"2025-11-08T02:57:11","date_gmt":"2025-11-08T02:57:11","guid":{"rendered":"https:\/\/www.europesays.com\/de\/559414\/"},"modified":"2025-11-08T02:57:11","modified_gmt":"2025-11-08T02:57:11","slug":"berlin-brandenburg-brandenburgs-cdu-waehlt-landesspitze-afd-beraet-neue-satzung","status":"publish","type":"post","link":"https:\/\/www.europesays.com\/de\/559414\/","title":{"rendered":"Berlin &#038; Brandenburg: Brandenburgs CDU w\u00e4hlt Landesspitze &#8211; AfD ber\u00e4t neue Satzung"},"content":{"rendered":"<p>                    Berlin &amp; Brandenburg<br \/>\n                Brandenburgs CDU w\u00e4hlt Landesspitze &#8211; AfD ber\u00e4t neue Satzung<\/p>\n<p>\t\t\t\t              08.11.2025, 03:32 Uhr<\/p>\n<p><strong>Die CDU Brandenburg w\u00e4hlt bei einem Parteitag ihre Spitze neu. Landeschef Redmann stellt sich zur Wiederwahl. Die AfD debattiert auf einem Parteitag \u00fcber eine neue Satzung und die Energiewende.<\/strong><\/p>\n<p>Sch\u00f6nefeld\/Brandenburg an der Havel (dpa\/bb) &#8211; Die Brandenburger CDU will sich nach der Niederlage bei der Landtagswahl neu ausrichten. Bei einem Landesparteitag in Sch\u00f6nefeld (10.00 Uhr) wird der Landesvorstand neu gew\u00e4hlt. Landeschef Jan Redmann tritt wieder an. Vor zwei Jahren erhielt er 85,7 Prozent. Die CDU rechnet Enthaltungen mit ein. Die Partei ber\u00e4t auch dar\u00fcber, st\u00e4rker im Land pr\u00e4sent und wahrnehmbar zu sein, damit es trotz fehlender Abgeordneter keine &#8222;wei\u00dfen Flecken&#8220; gibt. Neu als Stellvertreter kandidieren Christian Gro\u00dfe und Ulrike Mauersberger.<\/p>\n<p>Die AfD Brandenburg debattiert auf einem Landesparteitag in Brandenburg an der Havel (10.00 Uhr) \u00fcber eine neue Satzung, mit der der Landesparteitag grunds\u00e4tzlich als Delegiertenversammlung stattfinden soll. Bisher k\u00f6nnen alle Mitglieder daran teilnehmen. Die AfD will auch einen Generalsekret\u00e4r einf\u00fchren, wie es im Entwurf der neuen Satzung hei\u00dft. Die Partei verlangt au\u00dferdem ein Ende der Energiewende, einen Ausbaustopp f\u00fcr Windkraftanlagen und die R\u00fcckkehr zur Nutzung von Kernenergie.<\/p>\n<p>Das B\u00fcndnis &#8222;Zusammen in Brandenburg&#8220; plant eine Protestdemonstration gegen den AfD-Landesparteitag ab 12.00 Uhr am Hauptbahnhof. Die Polizei best\u00e4tigte die Anmeldung einer entsprechenden Versammlung. Das B\u00fcndnis kritisiert, dass die AfD unweit eines ehemaligen Zwangsarbeiterlagers tagt, w\u00e4hrend am Sonntag an die Novemberpogrome der Nationalsozialisten 1938 erinnert wird. Der Verfassungsschutz Brandenburg stuft die AfD im Land als gesichert rechtsextremistisch ein. Die Partei weist das zur\u00fcck.<\/p>\n","protected":false},"excerpt":{"rendered":"Berlin &amp; Brandenburg Brandenburgs CDU w\u00e4hlt Landesspitze &#8211; AfD ber\u00e4t neue Satzung 08.11.2025, 03:32 Uhr Die CDU Brandenburg&hellip;\n","protected":false},"author":2,"featured_media":559415,"comment_status":"","ping_status":"","sticky":false,"template":"","format":"standard","meta":{"footnotes":""},"categories":[1816],"tags":[186,1960,1958,1959,1957,296,1956,1890,9348,31,29,30,135345,36247],"class_list":{"0":"post-559414","1":"post","2":"type-post","3":"status-publish","4":"format-standard","5":"has-post-thumbnail","7":"category-brandenburg","8":"tag-afd","9":"tag-aktuelle-nachrichten-aus-berlin-und-brandenburg","10":"tag-aktuelle-nachrichten-aus-brandenburg","11":"tag-aktuelle-news-aus-berlin-und-brandenburg","12":"tag-aktuelle-news-aus-brandenburg","13":"tag-berlin","14":"tag-berlin-und-brandenburg","15":"tag-brandenburg","16":"tag-brandenburgs","17":"tag-cdu","18":"tag-deutschland","19":"tag-germany","20":"tag-landesspitze","21":"tag-satzung"},"share_on_mastodon":{"url":"https:\/\/pubeurope.com\/@de\/115511836867917240","error":""},"_links":{"self":[{"href":"https:\/\/www.europesays.com\/de\/wp-json\/wp\/v2\/posts\/559414","targetHints":{"allow":["GET"]}}],"collection":[{"href":"https:\/\/www.europesays.com\/de\/wp-json\/wp\/v2\/posts"}],"about":[{"href":"https:\/\/www.europesays.com\/de\/wp-json\/wp\/v2\/types\/post"}],"author":[{"embeddable":true,"href":"https:\/\/www.europesays.com\/de\/wp-json\/wp\/v2\/users\/2"}],"replies":[{"embeddable":true,"href":"https:\/\/www.europesays.com\/de\/wp-json\/wp\/v2\/comments?post=559414"}],"version-history":[{"count":0,"href":"https:\/\/www.europesays.com\/de\/wp-json\/wp\/v2\/posts\/559414\/revisions"}],"wp:featuredmedia":[{"embeddable":true,"href":"https:\/\/www.europesays.com\/de\/wp-json\/wp\/v2\/media\/559415"}],"wp:attachment":[{"href":"https:\/\/www.europesays.com\/de\/wp-json\/wp\/v2\/media?parent=559414"}],"wp:term":[{"taxonomy":"category","embeddable":true,"href":"https:\/\/www.europesays.com\/de\/wp-json\/wp\/v2\/categories?post=559414"},{"taxonomy":"post_tag","embeddable":true,"href":"https:\/\/www.europesays.com\/de\/wp-json\/wp\/v2\/tags?post=559414"}],"curies":[{"name":"wp","href":"https:\/\/api.w.org\/{rel}","templated":true}]}}