{"id":559445,"date":"2025-11-08T03:15:16","date_gmt":"2025-11-08T03:15:16","guid":{"rendered":"https:\/\/www.europesays.com\/de\/559445\/"},"modified":"2025-11-08T03:15:16","modified_gmt":"2025-11-08T03:15:16","slug":"cdu-landeschef-da-sind-wir-deutsche-doch-vorbild-manuel-hagel-fordert-syrer-zum-wiederaufbau-ihrer-heimat-auf","status":"publish","type":"post","link":"https:\/\/www.europesays.com\/de\/559445\/","title":{"rendered":"CDU-Landeschef: \u201eDa sind wir Deutsche doch Vorbild\u201c\u00a0\u2013 Manuel Hagel fordert Syrer zum Wiederaufbau ihrer Heimat auf"},"content":{"rendered":"<p class=\"is-first-paragraph\" data-external=\"Article.FirstParagraph\">In der Debatte um die R\u00fcckf\u00fchrung von Syrern aus Deutschland in ihre Heimat hat der baden-w\u00fcrttembergische CDU-Landeschef Manuel Hagel auf die deutsche Nachkriegszeit verwiesen. \u201eWer soll denn dieses Land Syrien wieder aufbauen, wenn&#8217;s nicht die eigenen Staatsb\u00fcrger sind?\u201c, fragte er bei einem Gespr\u00e4ch mit CSU-Chef Markus S\u00f6der in Nagold im Nordschwarzwald.<\/p>\n<p>\u201eDa sind doch wir in Deutschland das beste Beispiel\u201c, sagte der Spitzenkandidat seiner Partei f\u00fcr die Landtagswahl im M\u00e4rz. \u201eAls in der dunkelsten Stunde unseres Landes Tr\u00fcmmerfrauen, Zehntausende von Helfern unser Land wiederaufgebaut haben. Da sind wir Deutsche doch ein Vorbild.\u201c<\/p>\n<p><a class=\"is-link c-block-items__link c-link--rich-text-renderer\" href=\"https:\/\/www.welt.de\/politik\/deutschland\/article690a379def57a9036f0ac607\/johann-wadephul-irritiert-unionskollegen-mit-syrien-satz-schlimmer-als-deutschland-1945.html\" data-internal-tracking-enabled=\"true\" data-internal-tracking=\"{&quot;action&quot;:&quot;click&quot;,&quot;label&quot;:&quot;link&quot;,&quot;name&quot;:&quot;Inline Element&quot;,&quot;data&quot;:{&quot;source&quot;:&quot;&quot;,&quot;target&quot;:&quot;https:\/\/www.welt.de\/politik\/deutschland\/article690a379def57a9036f0ac607\/johann-wadephul-irritiert-unionskollegen-mit-syrien-satz-schlimmer-als-deutschland-1945.html&quot;,&quot;trackingName&quot;:&quot;&quot;,&quot;trackingLabel&quot;:&quot;&quot;}}\" target=\"_blank\" rel=\"noopener\">Aussagen von Au\u00dfenminister Johann Wadephul<\/a> (CDU), der auf die Zerst\u00f6rungen in Syrien hingewiesen hatte, l\u00f6sten eine Kontroverse in der Union aus. Dass der Anblick der zerbombten H\u00e4user Wadephul als christlichen Politiker nicht unber\u00fchrt lasse, ist aus Hagels Sicht nachvollziehbar. Dennoch sei jetzt Zeit f\u00fcr diese Debatte, sagte der baden-w\u00fcrttembergische CDU-Landesvorsitzende. Der Christ in ihm wolle helfen, sagte Hagel. \u201eAber der Konservative in mir, der sieht und wei\u00df, dass die Mittel eben begrenzt sind.\u201c<\/p>\n","protected":false},"excerpt":{"rendered":"In der Debatte um die R\u00fcckf\u00fchrung von Syrern aus Deutschland in ihre Heimat hat der baden-w\u00fcrttembergische CDU-Landeschef Manuel&hellip;\n","protected":false},"author":2,"featured_media":559446,"comment_status":"","ping_status":"","sticky":false,"template":"","format":"standard","meta":{"footnotes":""},"categories":[2],"tags":[29,30,13,32329,47967,14,15,110,12,47400,10,8,9,11,30616],"class_list":{"0":"post-559445","1":"post","2":"type-post","3":"status-publish","4":"format-standard","5":"has-post-thumbnail","7":"category-deutschland","8":"tag-deutschland","9":"tag-germany","10":"tag-headlines","11":"tag-johann","12":"tag-migrationspolitik-ks","13":"tag-nachrichten","14":"tag-news","15":"tag-newsteam","16":"tag-schlagzeilen","17":"tag-syrien-konflikt","18":"tag-top-news","19":"tag-top-meldungen","20":"tag-topmeldungen","21":"tag-topnews","22":"tag-wadephul"},"share_on_mastodon":{"url":"https:\/\/pubeurope.com\/@de\/115511907035640340","error":""},"_links":{"self":[{"href":"https:\/\/www.europesays.com\/de\/wp-json\/wp\/v2\/posts\/559445","targetHints":{"allow":["GET"]}}],"collection":[{"href":"https:\/\/www.europesays.com\/de\/wp-json\/wp\/v2\/posts"}],"about":[{"href":"https:\/\/www.europesays.com\/de\/wp-json\/wp\/v2\/types\/post"}],"author":[{"embeddable":true,"href":"https:\/\/www.europesays.com\/de\/wp-json\/wp\/v2\/users\/2"}],"replies":[{"embeddable":true,"href":"https:\/\/www.europesays.com\/de\/wp-json\/wp\/v2\/comments?post=559445"}],"version-history":[{"count":0,"href":"https:\/\/www.europesays.com\/de\/wp-json\/wp\/v2\/posts\/559445\/revisions"}],"wp:featuredmedia":[{"embeddable":true,"href":"https:\/\/www.europesays.com\/de\/wp-json\/wp\/v2\/media\/559446"}],"wp:attachment":[{"href":"https:\/\/www.europesays.com\/de\/wp-json\/wp\/v2\/media?parent=559445"}],"wp:term":[{"taxonomy":"category","embeddable":true,"href":"https:\/\/www.europesays.com\/de\/wp-json\/wp\/v2\/categories?post=559445"},{"taxonomy":"post_tag","embeddable":true,"href":"https:\/\/www.europesays.com\/de\/wp-json\/wp\/v2\/tags?post=559445"}],"curies":[{"name":"wp","href":"https:\/\/api.w.org\/{rel}","templated":true}]}}