{"id":559621,"date":"2025-11-08T05:06:35","date_gmt":"2025-11-08T05:06:35","guid":{"rendered":"https:\/\/www.europesays.com\/de\/559621\/"},"modified":"2025-11-08T05:06:35","modified_gmt":"2025-11-08T05:06:35","slug":"das-gericht-spricht-von-femizid","status":"publish","type":"post","link":"https:\/\/www.europesays.com\/de\/559621\/","title":{"rendered":"Das Gericht spricht von Femizid"},"content":{"rendered":"<p class=\"\">\n                    Der Ausl\u00f6ser f\u00fcr die schreckliche Tat h\u00e4tte l\u00e4cherlicher nicht sein k\u00f6nnen, sagte der Vorsitzende Richter Christoph Meiring in der Urteilsbegr\u00fcndung. Weil er einen Gesichtsverlust innerhalb der Familie bef\u00fcrchtet habe, t\u00f6tete ein Mann aus Espelkamp im April seine Ehefrau mit 32 Messerstichen. Das Bielefelder Landgericht hat den 45 Jahre alten Mann nun wegen Mordes zu einer lebenslangen Haftstrafe verurteilt.\n            <\/p>\n<p class=\"\"><a href=\"https:\/\/www.noz.de\/lokales\/bad-essen\/artikel\/mord-in-espelkamp-nachbar-und-vermieter-aeussern-sich-zu-familie-48638470\" class=\"link underline-blue\" title=\"\" target=\"_self\" rel=\"nofollow noopener\">Mutma\u00dflicher Mord in Espelkamp: Was Nachbar und Vermieter \u00fcber die Familie sagen<\/a><\/p>\n<p>            Richter sieht eine \u201epatriarchalische Lebensweise\u201c beim T\u00e4ter<\/p>\n<p class=\"\">\n                    Der Mann und seine zwei Jahre j\u00fcngere Frau stammen aus Syrien, wo sie auch heirateten. 2015 flohen sie mit ihren zwei Kindern vor dem B\u00fcrgerkrieg aus ihrer Heimat nach Deutschland. In Espelkamp fanden sie ein neues Zuhause, ein weiteres Kind wurde hier geboren.\n            <\/p>\n<p class=\"\">\n                    Nach au\u00dfen war die Familie nach Ansicht des Gerichts um Integration bem\u00fcht: Die Eheleute besuchten Deutschkurse und waren berufst\u00e4tig. Doch hatte es bereits in Syrien Konflikte zwischen den Partnern gegeben, auch schlug der Mann seine Frau und die Kinder. Nachdem er 2022 f\u00fcr einige Monate von Frau und Kindern verlassen worden war, besserte sich dies zumindest etwas.\n            <\/p>\n<p class=\"\">\n                    \u201eDass Sie eine patriarchalische Lebensweise gef\u00fchrt haben, hat die Beweisaufnahme durch die Vernehmung mehrerer Zeugen ergeben\u201c, sagte Richter Meiring in der Urteilsverk\u00fcndung zum Angeklagten, der mittlerweile deutscher Staatsb\u00fcrger ist. \u201eMir ist insbesondere ein Satz in Erinnerung geblieben, den Ihre Frau zu einer deutschen Freundin gesagt haben soll\u201c, f\u00fchrte Meiring weiter aus, \u201en\u00e4mlich dass sie so leben wolle wie eine deutsche Frau.\u201c Dies habe der Angeklagte vereitelt: \u201eDiesen Traum hat Ihre Frau teuer bezahlt \u2013 n\u00e4mlich mit dem Leben.\u201c\n            <\/p>\n<p>            Was laut Gericht in der Tatnacht in Espelkamp geschah<\/p>\n<p class=\"\">\n                    Ausl\u00f6ser der Tat vom 19. April dieses Jahres war ein Streit unter den Eheleuten. Urspr\u00fcnglich hatte die Familie mit Ausnahme des \u00e4ltesten Sohns an jenem Tag\u00a0zu Verwandten der Frau in die Niederlande fahren wollen. Dem Mann stand der Sinn jedoch nicht gerade nach Familienbesuchen \u2013 insbesondere nicht, weil die Schwester seiner Frau, die er ablehnte, angek\u00fcndigt hatte, mitzufahren. Am Vortag gerieten die Eheleute am sp\u00e4ten Abend in einen Streit, weil die 43-J\u00e4hrige nun \u00fcberhaupt nicht mehr zu ihrer Familie fahren wollte. Jetzt aber bef\u00fcrchtete ihr Mann, er werde hierdurch vor der Verwandtschaft blo\u00dfgestellt.\n            <\/p>\n<p class=\"\">\n                    Nach Ansicht des Gerichts spielte sich der Fall dann wie folgt ab. Nachdem das Paar sich ins Bett gelegt hatte, fand der 45-J\u00e4hrige keinen Schlaf. In den fr\u00fchen Morgenstunden beschloss er, seine Frau zu t\u00f6ten. Er stand auf, holte ein Messer mit einer Klingenl\u00e4nge von 16 Zentimetern aus der K\u00fcche, begab sich zur Bettseite seiner Frau und stach 32 Mal mit gro\u00dfer Wucht auf die Schlafende ein. Die 43-J\u00e4hrige starb innerhalb kurzer Zeit aufgrund ihrer schweren Verletzungen.\n            <\/p>\n<p class=\"\">\n                    Als der Mann verstand, was er getan hatte, f\u00fcgte er sich selber schwere Verletzungen mit dem Messer zu und verst\u00e4ndigte schlie\u00dflich die Polizei. F\u00fcr die Frau kam jede Rettung zu sp\u00e4t, er selbst wurde im Krankenhaus in L\u00fcbbecke notoperiert und kam sp\u00e4ter in Untersuchungshaft.\n            <\/p>\n<p>            Warum das Gericht dem Angeklagten nicht glaubte<\/p>\n<p class=\"\">\n                    In der mehrt\u00e4gigen Verhandlung vor dem Landgericht hatte der Mann \u00fcber eine Erkl\u00e4rung seines Verteidigers vortragen lassen, dass er in jener Nacht durch einen brennenden Schmerz im Bauch wachgeworden sei \u2013 dort habe ein Messer gesteckt. Er habe seine Frau weggesto\u00dfen und in einem \u201edynamischen Geschehen\u201c auf sie eingestochen.\n            <\/p>\n<p class=\"\"><a href=\"https:\/\/www.noz.de\/lokales\/ostwestfalen\/artikel\/mann-toetet-ehefrau-in-espelkamp-aussage-vor-dem-landgericht-49464829\" class=\"link underline-blue\" title=\"\" target=\"_self\" rel=\"nofollow noopener\">Ehefrau get\u00f6tet: Mann aus Espelkamp schildert seine Sicht der Dinge<\/a><\/p>\n<p class=\"\">\n                    Dies sah das Gericht als widerlegt an \u2013 insbesondere, weil die meisten Stiche auf dem K\u00f6rper der Get\u00f6teten gr\u00f6\u00dftenteils parallel zueinander und nah beieinander lagen, was f\u00fcr ein statisches Geschehen spreche. Au\u00dferdem, so f\u00fchrte Meiring aus, habe die Get\u00f6tete beinahe keinerlei Abwehrverletzungen aufgewiesen \u2013 dies deshalb nicht, weil sie im Schlaf \u00fcberrascht worden sei.\n            <\/p>\n<p>            Dieses Urteil f\u00e4llte das Gericht<\/p>\n<p class=\"\">\n                    Die Kammer verurteilte den bislang nicht vorbestraften Mann wegen heimt\u00fcckischen Mordes aus niedrigen Beweggr\u00fcnden zu einer lebenslangen Freiheitsstrafe. \u201eEs handelte sich um ein klassisches Beispiel eines Femizids\u201c, sagte Richter Meiring. Denn der zugrundeliegende Streit habe sich um die Rolle der Frau in der Familie und in der Gesellschaft\u00a0gedreht.\n            <\/p>\n<p>                Weitere Artikel aus Ostwestfalen            gr\u00f6\u00dfer alsGr\u00f6\u00dfer als Zeichengr\u00f6\u00dfer alsGr\u00f6\u00dfer als Zeichen<\/p>\n","protected":false},"excerpt":{"rendered":"Der Ausl\u00f6ser f\u00fcr die schreckliche Tat h\u00e4tte l\u00e4cherlicher nicht sein k\u00f6nnen, sagte der Vorsitzende Richter Christoph Meiring in&hellip;\n","protected":false},"author":2,"featured_media":559622,"comment_status":"","ping_status":"","sticky":false,"template":"","format":"standard","meta":{"footnotes":""},"categories":[1841],"tags":[1605,135423,3364,29,23991,30,682,135424,965,1209,1269,58,7048,76546],"class_list":{"0":"post-559621","1":"post","2":"type-post","3":"status-publish","4":"format-standard","5":"has-post-thumbnail","7":"category-bielefeld","8":"tag-bielefeld","9":"tag-christoph-meiring","10":"tag-de","11":"tag-deutschland","12":"tag-espelkamp","13":"tag-germany","14":"tag-koerperverletzung","15":"tag-luebbecke","16":"tag-niederlande","17":"tag-nordrhein-westfalen","18":"tag-prozess","19":"tag-syrien","20":"tag-toetungsdelikte","21":"tag-zsm_ostwestfalen"},"share_on_mastodon":{"url":"https:\/\/pubeurope.com\/@de\/115512343798507120","error":""},"_links":{"self":[{"href":"https:\/\/www.europesays.com\/de\/wp-json\/wp\/v2\/posts\/559621","targetHints":{"allow":["GET"]}}],"collection":[{"href":"https:\/\/www.europesays.com\/de\/wp-json\/wp\/v2\/posts"}],"about":[{"href":"https:\/\/www.europesays.com\/de\/wp-json\/wp\/v2\/types\/post"}],"author":[{"embeddable":true,"href":"https:\/\/www.europesays.com\/de\/wp-json\/wp\/v2\/users\/2"}],"replies":[{"embeddable":true,"href":"https:\/\/www.europesays.com\/de\/wp-json\/wp\/v2\/comments?post=559621"}],"version-history":[{"count":0,"href":"https:\/\/www.europesays.com\/de\/wp-json\/wp\/v2\/posts\/559621\/revisions"}],"wp:featuredmedia":[{"embeddable":true,"href":"https:\/\/www.europesays.com\/de\/wp-json\/wp\/v2\/media\/559622"}],"wp:attachment":[{"href":"https:\/\/www.europesays.com\/de\/wp-json\/wp\/v2\/media?parent=559621"}],"wp:term":[{"taxonomy":"category","embeddable":true,"href":"https:\/\/www.europesays.com\/de\/wp-json\/wp\/v2\/categories?post=559621"},{"taxonomy":"post_tag","embeddable":true,"href":"https:\/\/www.europesays.com\/de\/wp-json\/wp\/v2\/tags?post=559621"}],"curies":[{"name":"wp","href":"https:\/\/api.w.org\/{rel}","templated":true}]}}