{"id":560173,"date":"2025-11-08T10:33:17","date_gmt":"2025-11-08T10:33:17","guid":{"rendered":"https:\/\/www.europesays.com\/de\/560173\/"},"modified":"2025-11-08T10:33:17","modified_gmt":"2025-11-08T10:33:17","slug":"photovoltaik-solarpark-herzogenrath-21-800-module-versorgen-4500-haushalte","status":"publish","type":"post","link":"https:\/\/www.europesays.com\/de\/560173\/","title":{"rendered":"Photovoltaik-Solarpark Herzogenrath: 21.800 Module versorgen 4500 Haushalte"},"content":{"rendered":"<p class=\"Paragraph_paragraph__nQNQ9 Paragraph_paragraph--default-lg-default__2m2_h articleParagraph\">Klar, das wei\u00df jeder: Auf landwirtschaftlichen Fl\u00e4chen werden Produkte angebaut, die lebenswichtige N\u00e4hrstoffe enthalten \u2013 als Treibstoff f\u00fcr Mensch und Tier. Es gibt aber noch andere Formen der Energieproduktion auf freiem Feld. Dabei geht es im vorliegenden Fall nicht um die Gewinnung von Biomasse, sondern um eine Photovoltaik-Freifl\u00e4chenanlage, die jetzt am Rande des Herzogenrather Ortsteils Hofstadt offiziell ans Stromnetz gegangen ist. Diese regenerative Energieform gilt als gr\u00fcn, womit nicht die Grashalme gemeint sind, die unter den dort insgesamt 21.800 aufgestellten Modulen sprie\u00dfen und die zweimal im Jahr gem\u00e4ht werden m\u00fcssen. Schafe kommen nicht zum Einsatz.<\/p>\n","protected":false},"excerpt":{"rendered":"Klar, das wei\u00df jeder: Auf landwirtschaftlichen Fl\u00e4chen werden Produkte angebaut, die lebenswichtige N\u00e4hrstoffe enthalten \u2013 als Treibstoff f\u00fcr&hellip;\n","protected":false},"author":2,"featured_media":560174,"comment_status":"","ping_status":"","sticky":false,"template":"","format":"standard","meta":{"footnotes":""},"categories":[1853],"tags":[1424,3364,29,548,663,3934,30,13,14,15,1209,12],"class_list":{"0":"post-560173","1":"post","2":"type-post","3":"status-publish","4":"format-standard","5":"has-post-thumbnail","7":"category-aachen","8":"tag-aachen","9":"tag-de","10":"tag-deutschland","11":"tag-eu","12":"tag-europa","13":"tag-europe","14":"tag-germany","15":"tag-headlines","16":"tag-nachrichten","17":"tag-news","18":"tag-nordrhein-westfalen","19":"tag-schlagzeilen"},"share_on_mastodon":{"url":"https:\/\/pubeurope.com\/@de\/115513629504745374","error":""},"_links":{"self":[{"href":"https:\/\/www.europesays.com\/de\/wp-json\/wp\/v2\/posts\/560173","targetHints":{"allow":["GET"]}}],"collection":[{"href":"https:\/\/www.europesays.com\/de\/wp-json\/wp\/v2\/posts"}],"about":[{"href":"https:\/\/www.europesays.com\/de\/wp-json\/wp\/v2\/types\/post"}],"author":[{"embeddable":true,"href":"https:\/\/www.europesays.com\/de\/wp-json\/wp\/v2\/users\/2"}],"replies":[{"embeddable":true,"href":"https:\/\/www.europesays.com\/de\/wp-json\/wp\/v2\/comments?post=560173"}],"version-history":[{"count":0,"href":"https:\/\/www.europesays.com\/de\/wp-json\/wp\/v2\/posts\/560173\/revisions"}],"wp:featuredmedia":[{"embeddable":true,"href":"https:\/\/www.europesays.com\/de\/wp-json\/wp\/v2\/media\/560174"}],"wp:attachment":[{"href":"https:\/\/www.europesays.com\/de\/wp-json\/wp\/v2\/media?parent=560173"}],"wp:term":[{"taxonomy":"category","embeddable":true,"href":"https:\/\/www.europesays.com\/de\/wp-json\/wp\/v2\/categories?post=560173"},{"taxonomy":"post_tag","embeddable":true,"href":"https:\/\/www.europesays.com\/de\/wp-json\/wp\/v2\/tags?post=560173"}],"curies":[{"name":"wp","href":"https:\/\/api.w.org\/{rel}","templated":true}]}}