{"id":560318,"date":"2025-11-08T11:50:20","date_gmt":"2025-11-08T11:50:20","guid":{"rendered":"https:\/\/www.europesays.com\/de\/560318\/"},"modified":"2025-11-08T11:50:20","modified_gmt":"2025-11-08T11:50:20","slug":"kaufland-fuehrt-neue-pfandregel-ein-mit-einem-haken","status":"publish","type":"post","link":"https:\/\/www.europesays.com\/de\/560318\/","title":{"rendered":"Kaufland f\u00fchrt neue Pfandregel ein \u2013 mit einem Haken"},"content":{"rendered":"<p>F\u00fcr mehr Nachhaltigkeit <\/p>\n<p>Kaufland f\u00fchrt neue Pfandregel ein \u2013 mit einem Haken<\/p>\n<p>08.11.2025 &#8211; 09:45 UhrLesedauer: 2 Min.<\/p>\n<p><a href=\"#focus-0\" class=\"transition-colors duration-200 block text-current relative\" data-sctrack=\"FocusGalleryImage.Reference\"><img fetchpriority=\"high\" data-testid=\"Opener.Image\" style=\"--lqipURL:url('https:\/\/images.t-online.de\/2025\/11\/bGkHL0Gg3Nrd\/0x492:4000x2250\/fit-in\/150x0\/filters:blur(25)\/image.jpg')\"   loading=\"eager\" src=\"https:\/\/www.europesays.com\/de\/wp-content\/uploads\/2025\/11\/1762602620_283_image.jpg\" alt=\"K\u00fcnftig k\u00f6nnen Kunden auch Mehrweg-Weinflaschen bei Kaufland kaufen und wieder abgeben.\" title=\"K\u00fcnftig k\u00f6nnen Kunden auch Mehrweg-Weinflaschen bei Kaufland kaufen und wieder abgeben.\" width=\"4000\" height=\"2250\" class=\"bg-[url:var(--lqipURL)] bg-cover bg-center flex h-full w-full max-w-full\" decoding=\"async\"\/><img style=\"--width:32;--height:32\" loading=\"lazy\" src=\"https:\/\/www.t-online.de\/s\/paper\/_next\/static\/media\/zoom-in.f7dae02f.svg\" alt=\"Vergr\u00f6\u00dfern des Bildes\" title=\"Vergr\u00f6\u00dfern des Bildes\" class=\"block h-[calc(var(--height)_\/_16_*_1rem)] w-[calc(var(--width)_\/_16_*_1rem)] max-w-none absolute bottom-8 right-8 rounded-4 bg-snow p-8\" decoding=\"async\"\/><\/a><\/p>\n<p>K\u00fcnftig k\u00f6nnen Kunden auch Mehrweg-Weinflaschen bei Kaufland kaufen und wieder abgeben. (Quelle: Kaufland)<\/p>\n<p class=\"font-bold text-18 leading-17\">Die Supermarktkette Kaufland weitet ihr Angebot an Mehrwegflaschen aus. Kunden k\u00f6nnen jetzt auch Weinflaschen im Pfandautomaten abgeben \u2013 aber nicht \u00fcberall.<\/p>\n<p class=\"text-18 leading-17\"><a class=\"transition-colors duration-200 cursor-pointer text-inherit no-underline text-salemsfur md:hover:text-magenta md:hover:border-magenta md:focus:text-magenta border-current border-b border-solid break-words\" href=\"https:\/\/www.t-online.de\/themen\/kaufland\/\" data-sctrack=\"BodyAnchor\" rel=\"nofollow noopener\" target=\"_blank\">Kaufland<\/a> bietet jetzt Wein in Pfandflaschen an. Das teilt die Einzelhandelskette auf ihrer Seite mit. Demnach k\u00f6nnen Kunden in rund 200 Filialen in S\u00fcddeutschland ab sofort &#8222;0,75-Liter-Mehrweg-Weinflaschen mit Pfand in H\u00f6he von 0,25 Euro pro Flasche erwerben&#8220;, hei\u00dft es.<\/p>\n<p class=\"text-18 leading-17\">&#8222;Mit den neuen Mehrweg-Weinflaschen weiten wir unser Mehrwegangebot aus&#8220;, so Markus Bretz, Bereichsleiter Einkauf Food und Getr\u00e4nke Kaufland. Damit k\u00f6nnten sich die Kunden den Gang zum Glascontainer sparen und gleichzeitig etwas f\u00fcr die Umwelt tun.<\/p>\n<p class=\"text-18 leading-17\">Die Herstellung der Glasflasche sei bei der Produktion einer Flasche Wein der gr\u00f6\u00dfte CO2-Verursacher. &#8222;47 Prozent der CO2-Emissionen gehen auf die Produktion der Flasche zur\u00fcck&#8220;, so Kaufland weiter.<\/p>\n<p class=\"text-18 leading-17\">Kaufland bietet in den neuen Mehrwegflaschen regionalen Rotwein, Ros\u00e9 und Wei\u00dfwein an. Erkennen lassen sich die neuen Mehrwegflaschen durch eine Pr\u00e4gung am Flaschenhals und durch das Mehrwegzeichen auf dem Etikett.<\/p>\n<p class=\"text-18 leading-17\">Die Kaufland-Filialen, in denen die neuen Mehrwegflaschen verkauft werden, deckten einen Gro\u00dfteil Baden-W\u00fcrttembergs sowie Teile von Bayern ab, schreibt der Einzelh\u00e4ndler.<\/p>\n<p class=\"text-18 leading-17\">Ob Kaufland das Angebot auch auf andere Filialen in Deutschland ausweiten will, gibt das Unternehmen nicht bekannt. Allerdings lassen sich die speziellen Weinflaschen jetzt schon bundesweit an den Pfandautomaten des Einzelh\u00e4ndlers zur\u00fcckgeben.<\/p>\n<p class=\"text-18 leading-17\">Zus\u00e4tzlich zu den neuen Pfand-Weinflaschen hat Kaufland auch einen daf\u00fcr vorgesehenen Kasten hergestellt. Dieser werde ebenso wie die Mehrwegflaschen bundesweit an allen Kaufland-Leergutautomaten mit einem Pfandbetrag von 3,50 Euro akzeptiert, hei\u00dft es.<\/p>\n<p class=\"text-18 leading-17\">Kaufland ist nicht der erste H\u00e4ndler, der Wein in Mehrwegflaschen anbietet. Edeka verkauft seit dem vergangenen Jahr in seinen Filialen im S\u00fcdwesten das Getr\u00e4nk in 0,75-Liter-Mehrwegflaschen. Bei Getr\u00e4nkeh\u00e4ndlern in gro\u00dfen Teilen S\u00fcddeutschlands sowie im bundesweiten Bio-Handel werden diese ebenfalls angeboten.<\/p>\n","protected":false},"excerpt":{"rendered":"F\u00fcr mehr Nachhaltigkeit Kaufland f\u00fchrt neue Pfandregel ein \u2013 mit einem Haken 08.11.2025 &#8211; 09:45 UhrLesedauer: 2 Min.&hellip;\n","protected":false},"author":2,"featured_media":560319,"comment_status":"","ping_status":"","sticky":false,"template":"","format":"standard","meta":{"footnotes":"","_share_on_mastodon":"0"},"categories":[134],"tags":[522,175,12700,170,169,29,30,10903,2940,171,174,135568,4507,135567,135566,21136,8041,173,172,16560],"class_list":["post-560318","post","type-post","status-publish","format-standard","has-post-thumbnail","category-unternehmen-maerkte","tag-522","tag-business","tag-co2","tag-companies","tag-companies-markets","tag-deutschland","tag-germany","tag-getraenke","tag-kaufland","tag-markets","tag-maerkte","tag-markus-bretz","tag-nachhaltigkeit","tag-pfandautomat","tag-pfandregel","tag-sueddeutschland","tag-supermarktkette","tag-unternehmen","tag-unternehmen-maerkte","tag-wein"],"share_on_mastodon":{"url":"","error":""},"_links":{"self":[{"href":"https:\/\/www.europesays.com\/de\/wp-json\/wp\/v2\/posts\/560318","targetHints":{"allow":["GET"]}}],"collection":[{"href":"https:\/\/www.europesays.com\/de\/wp-json\/wp\/v2\/posts"}],"about":[{"href":"https:\/\/www.europesays.com\/de\/wp-json\/wp\/v2\/types\/post"}],"author":[{"embeddable":true,"href":"https:\/\/www.europesays.com\/de\/wp-json\/wp\/v2\/users\/2"}],"replies":[{"embeddable":true,"href":"https:\/\/www.europesays.com\/de\/wp-json\/wp\/v2\/comments?post=560318"}],"version-history":[{"count":0,"href":"https:\/\/www.europesays.com\/de\/wp-json\/wp\/v2\/posts\/560318\/revisions"}],"wp:featuredmedia":[{"embeddable":true,"href":"https:\/\/www.europesays.com\/de\/wp-json\/wp\/v2\/media\/560319"}],"wp:attachment":[{"href":"https:\/\/www.europesays.com\/de\/wp-json\/wp\/v2\/media?parent=560318"}],"wp:term":[{"taxonomy":"category","embeddable":true,"href":"https:\/\/www.europesays.com\/de\/wp-json\/wp\/v2\/categories?post=560318"},{"taxonomy":"post_tag","embeddable":true,"href":"https:\/\/www.europesays.com\/de\/wp-json\/wp\/v2\/tags?post=560318"}],"curies":[{"name":"wp","href":"https:\/\/api.w.org\/{rel}","templated":true}]}}