{"id":560543,"date":"2025-11-08T13:58:26","date_gmt":"2025-11-08T13:58:26","guid":{"rendered":"https:\/\/www.europesays.com\/de\/560543\/"},"modified":"2025-11-08T13:58:26","modified_gmt":"2025-11-08T13:58:26","slug":"wie-die-villa-kolbe-in-radebeul-aus-ihrem-dornroeschenschlaf-erwacht","status":"publish","type":"post","link":"https:\/\/www.europesays.com\/de\/560543\/","title":{"rendered":"Wie die Villa Kolbe in Radebeul aus ihrem Dornr\u00f6schenschlaf erwacht"},"content":{"rendered":"<p class=\"text\">\nManche Zimmer in der Villa sind schon m\u00f6bliert. Die eine oder andere Veranstaltung hat auch schon im Geb\u00e4ude stattgefunden. Zuletzt gab es sogar die erste Hochzeit, die auf dem Gel\u00e4nde gefeiert wurde, berichtet Kuhnt.\n<\/p>\n<p class=\"text\">\nZwar ist das Ambiente noch eher provisorisch, trotzdem sei es ihm wichtig, die Villa jetzt schon zu nutzen. &#8222;Ich gehe nicht auf eine Baustelle, ich gehe jetzt schon nach Hause&#8220;, sagt er. &#8222;Es ist jetzt schon sch\u00f6n, es gibt jetzt schon R\u00e4ume, die habe ich hergerichtet. Ich brauche keine Motivation, ich f\u00fchle mich jetzt schon wohl.&#8220;\n<\/p>\n<p>Villa-Park \u00f6ffnet zum Radebeuler Angl\u00fchen<\/p>\n<p class=\"text\">\n<a name=\"Goldspitze\">Bei der Sanierung<\/a> arbeitet Ren\u00e9 Kuhnt eng mit der Denkmalschutzbeh\u00f6rde zusammen. S\u00e4mtliche Details m\u00fcssen originalgetreu rekonstruiert werden. Zuletzt hat er die nachgebaute Dachspitze wieder aufgesetzt. Die vergoldete Spitze wiegt 250 Kilo.\n<\/p>\n<p class=\"text\">\nImmer wieder entdeckt der Bauherr neue wertvolle Details, wie k\u00fcrzlich Villeroy &amp; Boch-Fliesen im Garten. &#8222;Das ist nat\u00fcrlich ein Abenteuer, das ist wie eine Ausgrabung&#8220;, sagt er. &#8222;Ich nehme irgendwelche Steine in die Hand oder Keramik-Reste, dann steht dort ein Stempel drauf, dann wei\u00df ich, dass das dort herkommt. Dann recherchiere ich im Netz: Wie war das oder war das vergoldet?&#8220;\n<\/p>\n<blockquote>\n<p class=\"text\">Ich m\u00f6chte, dass der Ort von der Bev\u00f6lkerung angenommen wird und das ganz viel Kunst und Kultur hier stattfindet.<\/p>\n<p>Ren\u00e9 Kuhnt<br \/>\nEigent\u00fcmer Villa Kolbe<\/p>\n<\/blockquote>\n<p class=\"text\">\nBeim Tag des offenen Denkmals Mitte September kamen 7.000 Besucher in die Villa Kolbe, berichtet Kuhnt. Eine Resonanz, die er niemals erwartet h\u00e4tte, sagt er. Zum Radebeuler Angl\u00fchen am 8. und 9. November wird er den Park der Villa wieder \u00f6ffnen.\n<\/p>\n<p class=\"text\">\nGenau das entspricht seiner Vision f\u00fcr die Villa Kolbe. &#8222;Ich m\u00f6chte, dass der Ort von der Bev\u00f6lkerung angenommen wird und dass ganz viel Kunst und Kultur hier stattfindet&#8220;, sagt er. &#8222;Und dass ich dann, wenn ich alt bin, durch den Park schlendern, [&#8230;] mich auf eine Bank setzen und genie\u00dfen kann, wenn hier andere Kinder rumrennen. Wenn hier Hunde rumrennen und die Leute Kaffee trinken und eine leckere Torte essen und einfach den Raum, die Fl\u00e4chen genie\u00dfen.&#8220;<\/p>\n","protected":false},"excerpt":{"rendered":"Manche Zimmer in der Villa sind schon m\u00f6bliert. Die eine oder andere Veranstaltung hat auch schon im Geb\u00e4ude&hellip;\n","protected":false},"author":2,"featured_media":560544,"comment_status":"","ping_status":"","sticky":false,"template":"","format":"standard","meta":{"footnotes":""},"categories":[1835],"tags":[3364,29,2386,30,135612,81,14,135611,859,4108,135610],"class_list":{"0":"post-560543","1":"post","2":"type-post","3":"status-publish","4":"format-standard","5":"has-post-thumbnail","7":"category-dresden","8":"tag-de","9":"tag-deutschland","10":"tag-dresden","11":"tag-germany","12":"tag-kuhnt","13":"tag-mdr","14":"tag-nachrichten","15":"tag-radebeuel","16":"tag-sachsen","17":"tag-sanierung","18":"tag-villa-kolbe"},"share_on_mastodon":{"url":"https:\/\/pubeurope.com\/@de\/115514435442521149","error":""},"_links":{"self":[{"href":"https:\/\/www.europesays.com\/de\/wp-json\/wp\/v2\/posts\/560543","targetHints":{"allow":["GET"]}}],"collection":[{"href":"https:\/\/www.europesays.com\/de\/wp-json\/wp\/v2\/posts"}],"about":[{"href":"https:\/\/www.europesays.com\/de\/wp-json\/wp\/v2\/types\/post"}],"author":[{"embeddable":true,"href":"https:\/\/www.europesays.com\/de\/wp-json\/wp\/v2\/users\/2"}],"replies":[{"embeddable":true,"href":"https:\/\/www.europesays.com\/de\/wp-json\/wp\/v2\/comments?post=560543"}],"version-history":[{"count":0,"href":"https:\/\/www.europesays.com\/de\/wp-json\/wp\/v2\/posts\/560543\/revisions"}],"wp:featuredmedia":[{"embeddable":true,"href":"https:\/\/www.europesays.com\/de\/wp-json\/wp\/v2\/media\/560544"}],"wp:attachment":[{"href":"https:\/\/www.europesays.com\/de\/wp-json\/wp\/v2\/media?parent=560543"}],"wp:term":[{"taxonomy":"category","embeddable":true,"href":"https:\/\/www.europesays.com\/de\/wp-json\/wp\/v2\/categories?post=560543"},{"taxonomy":"post_tag","embeddable":true,"href":"https:\/\/www.europesays.com\/de\/wp-json\/wp\/v2\/tags?post=560543"}],"curies":[{"name":"wp","href":"https:\/\/api.w.org\/{rel}","templated":true}]}}