{"id":561015,"date":"2025-11-08T18:16:15","date_gmt":"2025-11-08T18:16:15","guid":{"rendered":"https:\/\/www.europesays.com\/de\/561015\/"},"modified":"2025-11-08T18:16:15","modified_gmt":"2025-11-08T18:16:15","slug":"b29-nach-stuttgart-peugeot-fahrer-pfluegt-baeume-um-drei-verletzte","status":"publish","type":"post","link":"https:\/\/www.europesays.com\/de\/561015\/","title":{"rendered":"B29 nach Stuttgart: Peugeot-Fahrer pfl\u00fcgt B\u00e4ume um \u2013 drei Verletzte"},"content":{"rendered":"<p>Ein 54-J\u00e4hriger hat neben der <a href=\"https:\/\/www.stuttgarter-zeitung.de\/thema\/B29\" title=\"B29\" class=\"art_thema\" rel=\"nofollow noopener\" target=\"_blank\">B29<\/a> mit seinem Peugeot am fr\u00fchen Samstagmorgen bei <a href=\"https:\/\/www.stuttgarter-zeitung.de\/thema\/Remshalden\" title=\"Remshalden\" class=\"art_thema\" rel=\"nofollow noopener\" target=\"_blank\">Remshalden<\/a> (Rems-Murr-Kreis) mehrere B\u00e4ume umgepfl\u00fcgt. Sein 76-j\u00e4hriger Beifahrer wurde bei dem Harakiri-Man\u00f6ver schwer verletzt. Der Fahrer und eine weitere Mitfahrerin erlitten leichte Verletzungen.<\/p>\n<p>Wie die <a href=\"https:\/\/www.stuttgarter-zeitung.de\/thema\/Polizei\" title=\"Polizei\" class=\"art_thema\" rel=\"nofollow noopener\" target=\"_blank\">Polizei<\/a> mitteilt, sei der Mann gegen 2.15 Uhr auf H\u00f6he der Ausfahrt Remshalden-West in Richtung Stuttgart wohl abgelenkt gewesen und deshalb zun\u00e4chst nach rechts von der Fahrbahn abgekommen \u2013 anschlie\u00dfend verlor er offenbar komplett die Kontrolle \u00fcber seinen Wagen. <\/p>\n<p>Auf einer Strecke von mehr als 100 Metern \u00fcberfuhr er dabei mehrere kleine B\u00e4ume. Der Schaden betr\u00e4gt nach ersten Sch\u00e4tzungen rund 35.000 Euro.<\/p>\n","protected":false},"excerpt":{"rendered":"Ein 54-J\u00e4hriger hat neben der B29 mit seinem Peugeot am fr\u00fchen Samstagmorgen bei Remshalden (Rems-Murr-Kreis) mehrere B\u00e4ume umgepfl\u00fcgt.&hellip;\n","protected":false},"author":2,"featured_media":561016,"comment_status":"","ping_status":"","sticky":false,"template":"","format":"standard","meta":{"footnotes":"","_share_on_mastodon":"0"},"categories":[1830],"tags":[46526,1634,3364,29,30,121,3440,24094,1441,1284],"class_list":["post-561015","post","type-post","status-publish","format-standard","has-post-thumbnail","category-stuttgart","tag-b29","tag-baden-wuerttemberg","tag-de","tag-deutschland","tag-germany","tag-polizei","tag-polizeibericht-region-stuttgart","tag-remshalden","tag-stuttgart","tag-unfall"],"share_on_mastodon":{"url":"https:\/\/pubeurope.com\/@de\/115515450049580378","error":""},"_links":{"self":[{"href":"https:\/\/www.europesays.com\/de\/wp-json\/wp\/v2\/posts\/561015","targetHints":{"allow":["GET"]}}],"collection":[{"href":"https:\/\/www.europesays.com\/de\/wp-json\/wp\/v2\/posts"}],"about":[{"href":"https:\/\/www.europesays.com\/de\/wp-json\/wp\/v2\/types\/post"}],"author":[{"embeddable":true,"href":"https:\/\/www.europesays.com\/de\/wp-json\/wp\/v2\/users\/2"}],"replies":[{"embeddable":true,"href":"https:\/\/www.europesays.com\/de\/wp-json\/wp\/v2\/comments?post=561015"}],"version-history":[{"count":0,"href":"https:\/\/www.europesays.com\/de\/wp-json\/wp\/v2\/posts\/561015\/revisions"}],"wp:featuredmedia":[{"embeddable":true,"href":"https:\/\/www.europesays.com\/de\/wp-json\/wp\/v2\/media\/561016"}],"wp:attachment":[{"href":"https:\/\/www.europesays.com\/de\/wp-json\/wp\/v2\/media?parent=561015"}],"wp:term":[{"taxonomy":"category","embeddable":true,"href":"https:\/\/www.europesays.com\/de\/wp-json\/wp\/v2\/categories?post=561015"},{"taxonomy":"post_tag","embeddable":true,"href":"https:\/\/www.europesays.com\/de\/wp-json\/wp\/v2\/tags?post=561015"}],"curies":[{"name":"wp","href":"https:\/\/api.w.org\/{rel}","templated":true}]}}