{"id":561034,"date":"2025-11-08T18:27:17","date_gmt":"2025-11-08T18:27:17","guid":{"rendered":"https:\/\/www.europesays.com\/de\/561034\/"},"modified":"2025-11-08T18:27:17","modified_gmt":"2025-11-08T18:27:17","slug":"mann-schiesst-in-berlin-friedrichshain-durch-wohnungstuer-seines-nachbarn","status":"publish","type":"post","link":"https:\/\/www.europesays.com\/de\/561034\/","title":{"rendered":"Mann schie\u00dft in Berlin-Friedrichshain durch Wohnungst\u00fcr seines Nachbarn"},"content":{"rendered":"<p class=\"tspBPll tspBPlm\">Ein 43-J\u00e4hriger hat in Berlin-Friedrichshain mit einer Schreckschusswaffe durch die Wohnungst\u00fcr seines Nachbarn geschossen. Wie die Polizei mitteilte, hatten der Mann und sein Nachbar zuvor miteinander gestritten. <\/p>\n<p class=\"tspBPll\">Wegen wiederholter Ruhest\u00f6rungen schlug der 43-J\u00e4hrige am Freitagabend gegen die Wohnungst\u00fcr des Nachbarn in dem Mehrfamilienhaus in der Schreinerstra\u00dfe. Dabei verletzte er sich an der Hand. Durch das entstandene Loch in der T\u00fcr feuerte er anschlie\u00dfend mit einer Schreckschusswaffe. Der Nachbar, der sich zu diesem Zeitpunkt im Flur seiner Wohnung aufhielt, blieb unverletzt.<\/p>\n<p class=\"tspBPll\">Nach der Tat fl\u00fcchtete der Tatverd\u00e4chtige auf die Stra\u00dfe. Polizisten nahmen ihn in unmittelbarer N\u00e4he fest. Der Mann gab freiwillig seine Wohnungsschl\u00fcssel heraus, woraufhin die Einsatzkr\u00e4fte seine Wohnung betraten. Dort entdeckten sie eine Schreckschusswaffe auf einem W\u00e4schest\u00e4nder.<\/p>\n<p> Mehr Eins\u00e4tze der Polizei wegen Waffen <a href=\"https:\/\/www.tagesspiegel.de\/berlin\/bewaffneter-raububerfall-auf-drei-kinder-sek-durchsucht-wohnung-in-berlin-friedrichshain-und-findet-schreckschusswaffe-14787791.html?icid=topic-list_14788784___\" data-gtm-class=\"article-mzt-link\" class=\"tspCFn4\" target=\"_blank\" rel=\"noopener\">Bewaffneter Raub\u00fcberfall auf drei Kinder SEK durchsucht Wohnung in Berlin-Friedrichshain und findet Schreckschusswaffe <\/a><a href=\"https:\/\/www.tagesspiegel.de\/berlin\/behorde-erhielt-hinweis-berliner-polizei-stellt-mehrere-pistolen-und-gewehre-in-spandauer-wohnung-sicher-14787971.html?icid=topic-list_14788784___\" data-gtm-class=\"article-mzt-link\" class=\"tspCFn4\" target=\"_blank\" rel=\"noopener\">Beh\u00f6rde erhielt Hinweis Berliner Polizei stellt mehrere Pistolen und Gewehre in Spandauer Wohnung sicher <\/a><a href=\"https:\/\/www.tagesspiegel.de\/berlin\/tatverdachtige-fluchten-mehrere-schusse-auf-berliner-wohnhaus-abgegeben-14783672.html?icid=topic-list_14788784___\" data-gtm-class=\"article-mzt-link\" class=\"tspCFn4\" target=\"_blank\" rel=\"noopener\">Tatverd\u00e4chtige fl\u00fcchten Mehrere Sch\u00fcsse auf Berliner Wohnhaus abgegeben <\/a><\/p>\n<p class=\"tspBPll\">Der Festgenommene gab an, zwei weitere derartige Waffen zu besitzen, die ebenfalls aufgefunden und sichergestellt wurden. (Tsp)<\/p>\n","protected":false},"excerpt":{"rendered":"Ein 43-J\u00e4hriger hat in Berlin-Friedrichshain mit einer Schreckschusswaffe durch die Wohnungst\u00fcr seines Nachbarn geschossen. Wie die Polizei mitteilte,&hellip;\n","protected":false},"author":2,"featured_media":561035,"comment_status":"","ping_status":"","sticky":false,"template":"","format":"standard","meta":{"footnotes":""},"categories":[1825],"tags":[1941,1939,296,1937,29,527,30,1940,1938],"class_list":{"0":"post-561034","1":"post","2":"type-post","3":"status-publish","4":"format-standard","5":"has-post-thumbnail","7":"category-berlin","8":"tag-aktuelle-nachrichten-aus-berlin","9":"tag-aktuelle-news-aus-berlin","10":"tag-berlin","11":"tag-berlin-news","12":"tag-deutschland","13":"tag-friedrichshain-kreuzberg","14":"tag-germany","15":"tag-nachrichten-aus-berlin","16":"tag-news-aus-berlin"},"share_on_mastodon":{"url":"https:\/\/pubeurope.com\/@de\/115515493322062831","error":""},"_links":{"self":[{"href":"https:\/\/www.europesays.com\/de\/wp-json\/wp\/v2\/posts\/561034","targetHints":{"allow":["GET"]}}],"collection":[{"href":"https:\/\/www.europesays.com\/de\/wp-json\/wp\/v2\/posts"}],"about":[{"href":"https:\/\/www.europesays.com\/de\/wp-json\/wp\/v2\/types\/post"}],"author":[{"embeddable":true,"href":"https:\/\/www.europesays.com\/de\/wp-json\/wp\/v2\/users\/2"}],"replies":[{"embeddable":true,"href":"https:\/\/www.europesays.com\/de\/wp-json\/wp\/v2\/comments?post=561034"}],"version-history":[{"count":0,"href":"https:\/\/www.europesays.com\/de\/wp-json\/wp\/v2\/posts\/561034\/revisions"}],"wp:featuredmedia":[{"embeddable":true,"href":"https:\/\/www.europesays.com\/de\/wp-json\/wp\/v2\/media\/561035"}],"wp:attachment":[{"href":"https:\/\/www.europesays.com\/de\/wp-json\/wp\/v2\/media?parent=561034"}],"wp:term":[{"taxonomy":"category","embeddable":true,"href":"https:\/\/www.europesays.com\/de\/wp-json\/wp\/v2\/categories?post=561034"},{"taxonomy":"post_tag","embeddable":true,"href":"https:\/\/www.europesays.com\/de\/wp-json\/wp\/v2\/tags?post=561034"}],"curies":[{"name":"wp","href":"https:\/\/api.w.org\/{rel}","templated":true}]}}