{"id":561050,"date":"2025-11-08T18:37:11","date_gmt":"2025-11-08T18:37:11","guid":{"rendered":"https:\/\/www.europesays.com\/de\/561050\/"},"modified":"2025-11-08T18:37:11","modified_gmt":"2025-11-08T18:37:11","slug":"britney-spears-meldet-sich-auf-instagram-zurueck-mit-empfehlung","status":"publish","type":"post","link":"https:\/\/www.europesays.com\/de\/561050\/","title":{"rendered":"Britney Spears meldet sich auf Instagram zur\u00fcck &#8211; mit Empfehlung"},"content":{"rendered":"<p>                    Lebensratschl\u00e4ge im Bikini<br \/>\n                Britney Spears meldet sich mit Empfehlung auf Instagram zur\u00fcck<\/p>\n<p>\t\t\t\t              08.11.2025, 18:39 Uhr<\/p>\n<p>\t\t\t\t\t       Artikel anh\u00f6ren<\/p>\n<p>\t\t\t\t\t\t\tDiese Audioversion wurde k\u00fcnstlich generiert. <a href=\"https:\/\/www.n-tv.de\/23249898\" target=\"_blank\" rel=\"noopener\">Mehr Infos<\/a><\/p>\n<p><strong>Mehrmals f\u00e4llt Britney Spears im Netz mit fragw\u00fcrdigen Tanzvideos auf. Pl\u00f6tzlich legt sie ihren Instagram-Account still. Doch die Internetpause w\u00e4hrt nur kurz. Mit einem Beitrag, der wieder Sorgen hervorrufen d\u00fcrfte, gibt sie ihr Comeback auf der Plattform.<\/strong><\/p>\n<p>Britney Spears ist zur\u00fcck: Nur f\u00fcnf Tage nachdem die S\u00e4ngerin ihren Instagram-Account deaktiviert hatte, meldet sie sich nun <a href=\"https:\/\/www.instagram.com\/p\/DQx4gowDTEZ\/?hl=de\" rel=\"Follow noopener\" target=\"_blank\">mit einem neuen Beitrag zur\u00fcck<\/a>. Die 43-J\u00e4hrige postet ein Foto, auf dem sie einen schwarz-wei\u00dfen Spitzen-BH, kombiniert mit grau-schwarzer Unterw\u00e4sche und schwarzen Lederstiefeln, tr\u00e4gt.<\/p>\n<p>In der Bildunterschrift schreibt die &#8222;Gimme More&#8220;-Interpretin: &#8222;So viel ist dieses Jahr passiert, es ist verr\u00fcckt &#8230; Ich versuche, nach meinen M\u00f6glichkeiten zu leben, und das Buch &#8218;Draw the Circle&#8216; bietet eine unglaubliche Perspektive.&#8220; Im weiteren Text ermutigt Spears ihre Follower, ihre Grenzen zu definieren und zu sch\u00fctzen: &#8222;Hol dir deine Ballerina-Schuhe, dein Buch (&#8222;Circle&#8220;) und \u00fcbernimm die Kontrolle \u00fcber deine Grenzen. Es ist unglaublich strikt und gewisserma\u00dfen eine Form des Gebets, aber bei so vielen endlosen M\u00f6glichkeiten im Leben ist es wichtig, du selbst zu sein und es einfach zu halten.&#8220;<\/p>\n<p>Im Buch &#8222;Draw the Circle&#8220;, das den Untertitel &#8222;Die 40 Tage Gebets-Challenge&#8220; tr\u00e4gt, geht es um die Gebetspraxis und die Beziehung zu Gott. Man kann es also als religi\u00f6s motivierte Selbsthilfeliteratur kategorisieren.<\/p>\n<p>Chaotische Wochen<\/p>\n<p>In den vergangenen Wochen gab es nach der Ver\u00f6ffentlichung der Memoiren ihres Ex-Mannes Kevin Federline viele Schlagzeilen um Spears. Ein Sprecher von Spears reagiert mit einer Stellungnahme: &#8222;Angesichts der Nachrichten aus Kevins Buch profitieren wieder einmal er und andere von ihr, und das traurigerweise, nachdem die Unterhaltszahlungen mit Kevin beendet wurden. Alles, was ihr wichtig ist, sind ihre Kinder Sean Preston und Jayden James und ihr Wohlergehen w\u00e4hrend dieses Sensationalismus. Sie hat ihre Reise in ihren Memoiren detailliert beschrieben&#8220;, so der Sprecher zum <a href=\"https:\/\/people.com\/britney-spears-hits-back-at-kevin-federline-memoir-allegations-exclusive-11829727\" rel=\"Follow noopener\" target=\"_blank\">US-Magazin &#8222;People&#8220;<\/a>.<\/p>\n<p>Fans hatten sich in den Wochen zuvor besorgt \u00fcber mehrere Posts der S\u00e4ngerin ge\u00e4u\u00dfert. Spears teilte Tanzvideos und deaktivierte die Kommentarfunktion bei Beitr\u00e4gen mit kryptischen Bildunterschriften \u00fcber ihre Kinder Jayden James und Sean Preston.<\/p>\n<p>Ein <a href=\"https:\/\/www.tiktok.com\/@britneyspears\/video\/7558351371943136543\" rel=\"Follow noopener\" target=\"_blank\">Video vom 7. Oktober<\/a> zeigte die S\u00e4ngerin mit blauen Flecken an den Armen sowie Bandagen an H\u00e4nden und Handgelenken. Sie erkl\u00e4rte, eine Treppe hinuntergefallen zu sein, und schrieb \u00fcber die Abreise ihrer beiden S\u00f6hne zur\u00fcck nach Hawaii, wo sie bei Federline leben. &#8222;Meine Jungs mussten zur\u00fcck nach Maui gehen&#8220;, schrieb Spears dazu und erkl\u00e4rte, warum sie ihre teilweise kontroversen Tanzclips teilt: &#8222;Das ist die Art, wie ich mich durch Kunst ausdr\u00fccke und bete &#8230; Ich bin nicht hier, um Besorgnis oder Mitleid zu bekommen, ich will nur eine gute Frau sein und besser werden &#8230; und ich habe wunderbare Unterst\u00fctzung, also habt einen brillanten Tag.&#8220;<\/p>\n<p>In ihrem aktuellen Instagram-Post schlie\u00dft Spears mit einer r\u00e4tselhaften Bemerkung: &#8222;Ich wei\u00df, dass es auch eine verwirrende Seite gibt. Der Teufel steckt im Detail, aber dazu k\u00f6nnen wir sp\u00e4ter kommen.&#8220;<\/p>\n<p><script async src=\"\/\/www.instagram.com\/embed.js\"><\/script><script async src=\"\/\/www.tiktok.com\/embed.js\"><\/script><\/p>\n","protected":false},"excerpt":{"rendered":"Lebensratschl\u00e4ge im Bikini Britney Spears meldet sich mit Empfehlung auf Instagram zur\u00fcck 08.11.2025, 18:39 Uhr Artikel anh\u00f6ren Diese&hellip;\n","protected":false},"author":2,"featured_media":561051,"comment_status":"","ping_status":"","sticky":false,"template":"","format":"standard","meta":{"footnotes":""},"categories":[1772],"tags":[11181,29,214,30,152,1779,810,215],"class_list":{"0":"post-561050","1":"post","2":"type-post","3":"status-publish","4":"format-standard","5":"has-post-thumbnail","7":"category-musik","8":"tag-britney-spears","9":"tag-deutschland","10":"tag-entertainment","11":"tag-germany","12":"tag-instagram","13":"tag-music","14":"tag-musik","15":"tag-unterhaltung"},"share_on_mastodon":{"url":"https:\/\/pubeurope.com\/@de\/115515532673881173","error":""},"_links":{"self":[{"href":"https:\/\/www.europesays.com\/de\/wp-json\/wp\/v2\/posts\/561050","targetHints":{"allow":["GET"]}}],"collection":[{"href":"https:\/\/www.europesays.com\/de\/wp-json\/wp\/v2\/posts"}],"about":[{"href":"https:\/\/www.europesays.com\/de\/wp-json\/wp\/v2\/types\/post"}],"author":[{"embeddable":true,"href":"https:\/\/www.europesays.com\/de\/wp-json\/wp\/v2\/users\/2"}],"replies":[{"embeddable":true,"href":"https:\/\/www.europesays.com\/de\/wp-json\/wp\/v2\/comments?post=561050"}],"version-history":[{"count":0,"href":"https:\/\/www.europesays.com\/de\/wp-json\/wp\/v2\/posts\/561050\/revisions"}],"wp:featuredmedia":[{"embeddable":true,"href":"https:\/\/www.europesays.com\/de\/wp-json\/wp\/v2\/media\/561051"}],"wp:attachment":[{"href":"https:\/\/www.europesays.com\/de\/wp-json\/wp\/v2\/media?parent=561050"}],"wp:term":[{"taxonomy":"category","embeddable":true,"href":"https:\/\/www.europesays.com\/de\/wp-json\/wp\/v2\/categories?post=561050"},{"taxonomy":"post_tag","embeddable":true,"href":"https:\/\/www.europesays.com\/de\/wp-json\/wp\/v2\/tags?post=561050"}],"curies":[{"name":"wp","href":"https:\/\/api.w.org\/{rel}","templated":true}]}}