{"id":561062,"date":"2025-11-08T18:44:11","date_gmt":"2025-11-08T18:44:11","guid":{"rendered":"https:\/\/www.europesays.com\/de\/561062\/"},"modified":"2025-11-08T18:44:11","modified_gmt":"2025-11-08T18:44:11","slug":"nicht-der-erste-fall-dieser-art-ukrainischer-offizier-muss-nach-russischem-angriff-auf-feier-in-haft","status":"publish","type":"post","link":"https:\/\/www.europesays.com\/de\/561062\/","title":{"rendered":"Nicht der erste Fall dieser Art: Ukrainischer Offizier muss nach russischem Angriff auf Feier in Haft"},"content":{"rendered":"<p>                    Nicht der erste Fall dieser Art<br \/>\n                Ukrainischer Offizier muss nach russischem Angriff auf Feier in Haft<\/p>\n<p>\t\t\t\t              08.11.2025, 16:32 Uhr<\/p>\n<p><strong>In der Ukraine kommen vor einer Woche Soldaten unerlaubt f\u00fcr eine Zeremonie zusammen. Dann schlagen pl\u00f6tzlich russische Drohnen und Raketen ein. Soldaten und Zivilisten sterben. Gegen den f\u00fcr die folgenschwere Versammlung verantwortlichen Offizier wird nun Haftbefehl erlassen. <\/strong><\/p>\n<p>Trotz eines Verbots des ukrainischen Generalstabs soll ein Kommandeur 100 Soldaten zu einer Feier versammelt und sie so zur Zielscheibe f\u00fcr einen t\u00f6dlichen russischen Angriff gemacht haben. Bei dem Schlag mit Raketen und Drohnen in der Region Dnipropetrowsk seien am Samstag vor einer Woche zw\u00f6lf Soldaten und sieben Zivilisten get\u00f6tet worden, teilte die Generalstaatsanwaltschaft in Kiew mit. Zudem seien 36 Soldaten verletzt worden. Ein Gericht in der Industriestadt Dnipro erlie\u00df Haftbefehl gegen den Mann, wie das Staatliche Ermittlungsb\u00fcro mitteilte. <\/p>\n<p>\u00dcber das Ausma\u00df des Vorfalls war bisher so \u00f6ffentlich nichts berichtet worden. In der Regel nennen die Beh\u00f6rden auch keine Zahlen get\u00f6teter eigener Soldaten. Es ist nicht der erste Versto\u00df dieser Art gegen das Kriegsrecht, das solche Versammlungen verbietet. <\/p>\n<p>Den Ermittlungen zufolge soll der Offizier die Soldaten zu der Zeremonie am 1. November versammelt haben, um ihnen eine Auszeichnung zu verleihen. W\u00e4hrend der Feier h\u00e4tten die russischen Truppen mit zwei ballistischen Raketen und drei Drohnen angegriffen, hie\u00df es. Ein ukrainischer Journalist hatte zuvor berichtet, dass sein Bruder bei der Zeremonie get\u00f6tet worden sei. Der nun beschuldigte Kommandeur muss sich wegen Vernachl\u00e4ssigung seiner Dienstpflichten verantworten, wie die Generalstaatsanwaltschaft weiter mitteilte. <\/p>\n<p>Die Ermittler teilten auch mit, dass keine bisherigen Verdienste oder die Kampferfahrung des Beschuldigten die Missachtung der Sicherheitsvorschriften rechtfertigen k\u00f6nnten. &#8222;Unter Kriegsbedingungen sind Massenversammlungen, Zeremonien oder Auszeichnungen in Gebieten, in denen eine m\u00f6gliche Raketengefahr besteht, unzul\u00e4ssig. Die Kommandeure tragen die pers\u00f6nliche Verantwortung f\u00fcr das Leben und die Sicherheit ihrer Untergebenen&#8220;, betonten die Ermittler. <\/p>\n<p>Ordensverleihungen in der Ukraine gibt es immer wieder &#8211; an sicheren Orten. Auch Pr\u00e4sident Wolodymyr Selenskyj nimmt sie vor. Es kommt aber bisweilen zu Sicherheitsverst\u00f6\u00dfen, wie etwa im April in der Stadt Sumy nahe der russischen Grenze. Dabei war an einem Sonntagvormittag im Festsaal der Universit\u00e4t eine Feier mit Ordensverleihung f\u00fcr verdiente Soldaten veranstaltet worden. Mehr als 30 Zivilisten wurden get\u00f6tet in der Stadt. Die dort versammelten Soldaten wurden nach ukrainischen Angaben nicht verletzt. <\/p>\n","protected":false},"excerpt":{"rendered":"Nicht der erste Fall dieser Art Ukrainischer Offizier muss nach russischem Angriff auf Feier in Haft 08.11.2025, 16:32&hellip;\n","protected":false},"author":2,"featured_media":561063,"comment_status":"","ping_status":"","sticky":false,"template":"","format":"standard","meta":{"footnotes":""},"categories":[3],"tags":[661,13,929,24619,451,14,15,16,307,12,10,8,9,11,317,103,104],"class_list":{"0":"post-561062","1":"post","2":"type-post","3":"status-publish","4":"format-standard","5":"has-post-thumbnail","7":"category-welt","8":"tag-angriff-auf-die-ukraine","9":"tag-headlines","10":"tag-kriege-und-konflikte","11":"tag-luftangriffe","12":"tag-militaer","13":"tag-nachrichten","14":"tag-news","15":"tag-politik","16":"tag-russland","17":"tag-schlagzeilen","18":"tag-top-news","19":"tag-top-meldungen","20":"tag-topmeldungen","21":"tag-topnews","22":"tag-ukraine","23":"tag-welt","24":"tag-world"},"share_on_mastodon":{"url":"https:\/\/pubeurope.com\/@de\/115515560347672697","error":""},"_links":{"self":[{"href":"https:\/\/www.europesays.com\/de\/wp-json\/wp\/v2\/posts\/561062","targetHints":{"allow":["GET"]}}],"collection":[{"href":"https:\/\/www.europesays.com\/de\/wp-json\/wp\/v2\/posts"}],"about":[{"href":"https:\/\/www.europesays.com\/de\/wp-json\/wp\/v2\/types\/post"}],"author":[{"embeddable":true,"href":"https:\/\/www.europesays.com\/de\/wp-json\/wp\/v2\/users\/2"}],"replies":[{"embeddable":true,"href":"https:\/\/www.europesays.com\/de\/wp-json\/wp\/v2\/comments?post=561062"}],"version-history":[{"count":0,"href":"https:\/\/www.europesays.com\/de\/wp-json\/wp\/v2\/posts\/561062\/revisions"}],"wp:featuredmedia":[{"embeddable":true,"href":"https:\/\/www.europesays.com\/de\/wp-json\/wp\/v2\/media\/561063"}],"wp:attachment":[{"href":"https:\/\/www.europesays.com\/de\/wp-json\/wp\/v2\/media?parent=561062"}],"wp:term":[{"taxonomy":"category","embeddable":true,"href":"https:\/\/www.europesays.com\/de\/wp-json\/wp\/v2\/categories?post=561062"},{"taxonomy":"post_tag","embeddable":true,"href":"https:\/\/www.europesays.com\/de\/wp-json\/wp\/v2\/tags?post=561062"}],"curies":[{"name":"wp","href":"https:\/\/api.w.org\/{rel}","templated":true}]}}