{"id":561112,"date":"2025-11-08T19:11:39","date_gmt":"2025-11-08T19:11:39","guid":{"rendered":"https:\/\/www.europesays.com\/de\/561112\/"},"modified":"2025-11-08T19:11:39","modified_gmt":"2025-11-08T19:11:39","slug":"pirelli-star-driver-uk-im-fabia-r2","status":"publish","type":"post","link":"https:\/\/www.europesays.com\/de\/561112\/","title":{"rendered":"Pirelli Star Driver UK im Fabia R2"},"content":{"rendered":"<p class=\"MsoNormal\">Nicht nur auf gro\u00dfer WM-B\u00fchne unterst\u00fctzt Pirelli den Nachwuchs, auch in Gro\u00dfbritannien greift man jungen Fahrern unter die Arme und konnte Talente wie Adam Gould, Keith Cronin und Elfyn Evans gezielt f\u00f6rdern.<\/p>\n<p class=\"MsoNormal\">\u00a0<\/p>\n<p class=\"MsoNormal\">Auch im kommenden Jahr wird Pirelli UK einen Piloten unterst\u00fctzen, dieser sitzt nicht mehr in einem Gruppe-N-Auto, sondern in einem Skoda Fabia R2 fahren, der von TEG Sport eingesetzt wird. <\/p>\n<p class=\"MsoNormal\">\u00a0<\/p>\n<p class=\"MsoNormal\">&#8222;Wir sind stolz auch im kommenden Jahr das Pirelli Star Driver fortsetzen zu k\u00f6nnen&#8220;, erkl\u00e4rte Carl Naylor, Motorsportchef von Pirelli UK. &#8222;Die Entwicklungen im internationalen Rallyesport und die Tatsache, dass junge Fahrer \u2013 speziell in der WM Akademie \u2013 auf zweiradgetriebenen Fahrzeugen ihr R\u00fcstzeug lernen, hat uns zum Skoda Fabia R2 als perfektes Auto f\u00fcr unseren Star Driver 2012 gef\u00fchrt.&#8220;<\/p>\n","protected":false},"excerpt":{"rendered":"Nicht nur auf gro\u00dfer WM-B\u00fchne unterst\u00fctzt Pirelli den Nachwuchs, auch in Gro\u00dfbritannien greift man jungen Fahrern unter die&hellip;\n","protected":false},"author":2,"featured_media":561113,"comment_status":"","ping_status":"","sticky":false,"template":"","format":"standard","meta":{"footnotes":""},"categories":[3976],"tags":[331,332,13,14,15,12,3992,3993,3994,3995,3996,3997],"class_list":{"0":"post-561112","1":"post","2":"type-post","3":"status-publish","4":"format-standard","5":"has-post-thumbnail","7":"category-vereinigtes-koenigreich","8":"tag-aktuelle-nachrichten","9":"tag-aktuelle-news","10":"tag-headlines","11":"tag-nachrichten","12":"tag-news","13":"tag-schlagzeilen","14":"tag-uk","15":"tag-united-kingdom","16":"tag-united-kingdom-of-great-britain-and-northern-ireland","17":"tag-vereinigtes-koenigreich","18":"tag-vereinigtes-koenigreich-grossbritannien-und-nordirland","19":"tag-vereinigtes-koenigreich-von-grossbritannien-und-nordirland"},"share_on_mastodon":{"url":"https:\/\/pubeurope.com\/@de\/115515666270066334","error":""},"_links":{"self":[{"href":"https:\/\/www.europesays.com\/de\/wp-json\/wp\/v2\/posts\/561112","targetHints":{"allow":["GET"]}}],"collection":[{"href":"https:\/\/www.europesays.com\/de\/wp-json\/wp\/v2\/posts"}],"about":[{"href":"https:\/\/www.europesays.com\/de\/wp-json\/wp\/v2\/types\/post"}],"author":[{"embeddable":true,"href":"https:\/\/www.europesays.com\/de\/wp-json\/wp\/v2\/users\/2"}],"replies":[{"embeddable":true,"href":"https:\/\/www.europesays.com\/de\/wp-json\/wp\/v2\/comments?post=561112"}],"version-history":[{"count":0,"href":"https:\/\/www.europesays.com\/de\/wp-json\/wp\/v2\/posts\/561112\/revisions"}],"wp:featuredmedia":[{"embeddable":true,"href":"https:\/\/www.europesays.com\/de\/wp-json\/wp\/v2\/media\/561113"}],"wp:attachment":[{"href":"https:\/\/www.europesays.com\/de\/wp-json\/wp\/v2\/media?parent=561112"}],"wp:term":[{"taxonomy":"category","embeddable":true,"href":"https:\/\/www.europesays.com\/de\/wp-json\/wp\/v2\/categories?post=561112"},{"taxonomy":"post_tag","embeddable":true,"href":"https:\/\/www.europesays.com\/de\/wp-json\/wp\/v2\/tags?post=561112"}],"curies":[{"name":"wp","href":"https:\/\/api.w.org\/{rel}","templated":true}]}}