{"id":561214,"date":"2025-11-08T20:17:14","date_gmt":"2025-11-08T20:17:14","guid":{"rendered":"https:\/\/www.europesays.com\/de\/561214\/"},"modified":"2025-11-08T20:17:14","modified_gmt":"2025-11-08T20:17:14","slug":"martin-hikel-verzichtet-auf-kandidatur-zum-bezirksbuergermeister-in-neukoelln","status":"publish","type":"post","link":"https:\/\/www.europesays.com\/de\/561214\/","title":{"rendered":"Martin Hikel verzichtet auf Kandidatur zum Bezirksb\u00fcrgermeister in Neuk\u00f6lln"},"content":{"rendered":"<p class=\"tspBPll tspBPlm\">F\u00fcr die Neuk\u00f6llner SPD, aber auch f\u00fcr die Berliner SPD ist es ein Polit-Beben: Der bekannte und beliebte Bezirksb\u00fcrgermeister Martin Hikel tritt 2026 nicht erneut als Kandidat f\u00fcr den Posten an. Der Co-Landesparteichef zog damit die Konsequenzen aus einem aus seiner Sicht zu mageren Ergebnis bei der Kandidatenwahl am Sonnabend. Die SPD stellt nur noch zwei Bezirksb\u00fcrgermeister \u2013 einer davon ist Hikel.<\/p>\n<p>Tagesspiegel Checkpoint: Berlins beliebtester Newsletter<\/p>\n<p><img decoding=\"async\" src=\"https:\/\/www.europesays.com\/de\/wp-content\/uploads\/2025\/04\/cp-icon.png\" alt=\"\" class=\"tspBZgj\"\/><\/p>\n<p class=\"tspBZmu\"> Der schnellste Berlin-\u00dcberblick von Montag bis Samstag. <\/p>\n<p class=\"tspBPll\">Der Kreisdelegierten der SPD Neuk\u00f6lln wollten am Sonnabend ihre Kandidaten f\u00fcr die Wahl zum Abgeordnetenhaus, f\u00fcr die Bezirksverordnetenversammlung und das Bezirksamt bestimmen. Hikel, 2,08 Meter gro\u00df, war als B\u00fcrgermeisterkandidat gesetzt, doch von Parteilinken und Jusos gab es bei der Versammlung deutliche Kritik. <\/p>\n<p> Kritik an Hikels Verbundeins\u00e4tzen gegen kriminelle Clans <\/p>\n<p class=\"tspBPll\">Sie warfen dem 39-J\u00e4hrigen vor, zu h\u00e4ufig medienwirksam bei <a href=\"https:\/\/www.tagesspiegel.de\/berlin\/berliner-wirtschaft\/klingbeils-plane-fur-den-zoll-bauarbeiter-fliehen-60000-euro-im-friseur--so-laufen-schwarzarbeit-kontrollen-in-berlin-14133425.html?icid=in-text-link_14789609\" class=\"link link--internal\" data-gtm-class=\"article-text-link\" data-gtm-val=\"internal\" target=\"_blank\" rel=\"noopener\">Verbundeins\u00e4tzen der Beh\u00f6rden mit der Polizei gegen kriminelle Clanstrukturen<\/a> aufzutreten. Auch w\u00fcrde er den Begriff antimuslimischer Rassismus nicht benutzen und zu wenig mit der Partei kommunizieren.<\/p>\n<p class=\"tspBPll\">Seine Kritiker verpassten ihm schlie\u00dflich bei der Nominierung einen Denkzettel. Hikel wurde nur mit 68,5 Prozent der Stimmen zum B\u00fcrgermeisterkandidat gew\u00e4hlt. Doch dann geschah, womit seine Kritiker wom\u00f6glich nicht gerechnet hatten. Hikel erkl\u00e4rte, nicht erneut f\u00fcr das Amt des Bezirksb\u00fcrgermeisters zu kandidieren. Das Ergebnis reiche nicht aus, um geschlossen in den Wahlkampf zu ziehen, soll er den Schritt begr\u00fcndet haben. <\/p>\n<blockquote class=\"tspCGoa\">\n<p>Ich habe meinem Kreisverband ein Angebot f\u00fcr eine pragmatische Politik gemacht. Das Ergebnis gibt mir nicht ausreichend R\u00fcckenwind.<\/p>\n<\/blockquote>\n<p class=\"tspCGob\"><strong>Martin Hikel <\/strong>zum Verzicht auf eine Kandidatur<\/p>\n<p class=\"tspBPll\">W\u00f6rtlich sagte er laut \u201eB.Z.\u201c: \u201eIch habe bei meiner Vorstellung deutlich gemacht, wir sind in einer schwierigen Situation. Kulturell intern und extern auf uns. Ich bin fest \u00fcberzeugt, dass wir im n\u00e4chsten Jahr erfolgreich sein k\u00f6nnen, wenn wir geschlossen sind. Liebe Genossinnen und Genossen, das Ergebnis zeigt, dass es diese Geschlossenheit nicht gibt. Das ist schade, das ist bedauerlich. Ich meine das ernst. Ich kann in dieser Form nicht euer Spitzenkandidat sein.\u201c\u00a0Nach Hikels Erkl\u00e4rung wurde die Kreisdelegiertenkonferenz abgebrochen.<\/p>\n<p> Mitglied spricht von \u201eSuper-GAU\u201c f\u00fcr die SPD <\/p>\n<p class=\"tspBPll\">\u201eIch habe meinem Kreisverband ein Angebot f\u00fcr eine pragmatische Politik gemacht, die den Bed\u00fcrfnissen meines Bezirks gerecht wird\u201c, sagte Hikel danach dem Tagesspiegel. \u201eDas Ergebnis der SPD Neuk\u00f6lln gibt mir jedoch nicht ausreichend R\u00fcckenwind f\u00fcr einen erfolgreichen Wahlkampf als Bezirksb\u00fcrgermeister, um die Herausforderungen in Neuk\u00f6lln in den kommenden Jahren zu bew\u00e4ltigen.\u201c Daraus ziehe er \u201enach acht Jahren sehr erfolgreicher Arbeit im Bezirk meine Konsequenzen\u201c. Er werde sich bis zum Ende seiner Amtszeit mit voller Kraft seinem Amt widmen.<\/p>\n<p class=\"tspBPll\">F\u00fcr die Neuk\u00f6llner SPD sei der Vorfall der \u201eSuper-GAU\u201c, sagt ein Sozialdemokrat. Ohne den bekannten Hikel werde es bei der Wahl noch schwerer. Offen ist denn auch, ob seine Kritiker ihn wirklich zu diesem Schritt bewegen wollten. Von einem nicht eingeplanten Unfall ist die Rede. \u201eWenn den Leuten bewusst gewesen w\u00e4re, was das hei\u00dft, h\u00e4tte es wohl nicht so viele Gegenstimmen gegeben\u201c, sagt einer.<\/p>\n<p> Wollten die Kritiker Hikel bewusst sch\u00e4digen <\/p>\n<p class=\"tspBPll\">Ein anderer unterstellt den Kritikern aus dem linken Lager der Partei hingegen Kalk\u00fcl: \u201eDas war mit Ansage\u201c. Hikel habe zuvor deutlich gemacht, dass er auch nach parteiinternen Auseinandersetzungen um die Listenaufstellungen auf ein geschlossenes Ergebnis baue. Mit der Entscheidung, dennoch gegen ihn zu stimmen, h\u00e4tten die Kritiker seinen Verzicht bewusst in Kauf genommen.<\/p>\n<p class=\"tspBPll\">\u201eWir als SPD Neuk\u00f6lln danken Martin Hikel ausdr\u00fccklich f\u00fcr seine erfolgreiche Arbeit in den vergangenen Jahren\u201c, erkl\u00e4rte die Partei in einer Mitteilung. \u201eUnter oftmals schwierigen Rahmenbedingungen hat er mit gro\u00dfem Einsatz dazu beigetragen, unseren Bezirk zusammenzuhalten, sozialen Ausgleich zu sichern und unsere politischen Schwerpunkte voranzubringen. Wir bedauern seine Entscheidung.\u201c Noch in diesem Jahr werde die Neuk\u00f6llner SPD ihr Spitzenteam im Bezirk neu aufstellen.<\/p>\n<p>Bezirke-Newsletter: Neuk\u00f6lln<\/p>\n<p><img decoding=\"async\" src=\"https:\/\/www.europesays.com\/de\/wp-content\/uploads\/2025\/04\/icon-neukoelln.png\" alt=\"\" class=\"tspBZgj\"\/><\/p>\n<p class=\"tspBZmu\"> Mehr Neuigkeiten zum Bezirk gibt es in unserem Newsletter \u2014 jede Woche per E-Mail. <\/p>\n<p class=\"tspBPll\">Ob Hikel, der bis Jahresende in Elternzeit ist, unter diesen Umst\u00e4nden noch Landesparteichef im Duo mit Nicola B\u00f6cker-Giannini bleiben will, ist unklar. Sein Verzicht trifft die Partei hart. In einer Woche, am 15. November, will die Berliner SPD bei einem Landesparteitag Steffen Krach zum Spitzenkandidaten f\u00fcr die Berlin-Wahl k\u00fcren.<\/p>\n<p class=\"tspBPll\">Bereits zuvor war der Name der bekanntesten Berliner SPD-Politikerin von der Bezirksliste f\u00fcr die Abgeordnetenhauswahl gestrichen worden. Wirtschaftssenatorin Franziska Giffey wurde von ihrem Kreisvorstand nicht f\u00fcr die Bezirksliste nominiert. Sie war Hikels Vorg\u00e4ngerin als Bezirksb\u00fcrgermeisterin und bis 2023 Regierende B\u00fcrgermeisterin.<\/p>\n<p> Neuk\u00f6lln war Ausgangspunkt f\u00fcr Giffeys Karriere  <\/p>\n<p class=\"tspBPll\">F\u00fcr Giffey ist es ein politischer R\u00fcckschlag \u2013 wieder einmal. Nachdem vor wenigen Monaten ihre Ambitionen auf eine erneute Spitzenkandidatur gescheitert waren, kann sie sich nun <a href=\"https:\/\/www.tagesspiegel.de\/berlin\/kein-platz-auf-der-liste-fur-die-berlin-wahl-wie-franziska-giffey-vom-eigenen-spd-kreisverband-degradiert-wurde-14752277.html?icid=in-text-link_14789609\" class=\"link link--internal\" data-gtm-class=\"article-text-link\" data-gtm-val=\"internal\" target=\"_blank\" rel=\"noopener\">nicht einmal in ihrem eigenen Kreisverband<\/a> durchsetzen.<\/p>\n<p class=\"tspBPll\">Was ihr bleibt, ist der Direktwahlkreis in Rudow, den sie 2023 jedoch mit 16 Prozentpunkten Abstand hinter der CDU verloren hatte. Es scheint daher nicht unwahrscheinlich, dass Giffey \u2013 die 2021 als Hoffnungstr\u00e4gerin vom Bund zur\u00fcck nach Berlin wechselte \u2013 den Einzug ins Abgeordnetenhaus 2026 verpasst.<\/p>\n<p class=\"tspBPll\">Besonders bitter f\u00fcr Giffey: Neuk\u00f6lln war f\u00fcr sie einst Ausgangspunkt einer der beeindruckendsten bundespolitischen Karrieren in der j\u00fcngeren Vergangenheit. Nur drei Jahre nachdem Giffey 2015 B\u00fcrgermeisterin des Bezirks wurde, holte sie die damalige Bundeskanzlerin Angela Merkel (CDU) als Familienministerin in ihr Kabinett. 2021 trat sie im Zuge der Aff\u00e4re um ihre Doktor-Arbeit zur\u00fcck, hielt jedoch an ihrer bereits feststehenden Kandidatur als Regierende B\u00fcrgermeisterin in Berlin fest.<\/p>\n<p> Mehr zum Thema <a href=\"https:\/\/www.tagesspiegel.de\/berlin\/prominent-aber-ohne-ruckhalt-diese-berliner-sozialdemokraten-mussen-nach-der-wahl-2026-bangen-14684909.html?icid=topic-list_14789609___\" data-gtm-class=\"article-mzt-link\" class=\"tspCFn4\" target=\"_blank\" rel=\"noopener\">Prominent, aber ohne R\u00fcckhalt Diese Berliner Sozialdemokraten m\u00fcssen nach der Wahl 2026 bangen <\/a><a href=\"https:\/\/www.tagesspiegel.de\/berlin\/berliner-wirtschaft\/mit-franziska-giffey-in-der-u-bahn-berliner-luft-ist-ganz-unterschiedlich-je-nachdem-wo-man-ist-14776115.html?icid=topic-list_14789609___\" data-gtm-class=\"article-mzt-link\" class=\"tspCFn4\" target=\"_blank\" rel=\"noopener\">Mit Franziska Giffey in der U-Bahn \u201eBerliner Luft ist ganz unterschiedlich, je nachdem, wo man ist\u201c <\/a><a href=\"https:\/\/www.tagesspiegel.de\/berlin\/kein-platz-auf-der-liste-fur-die-berlin-wahl-wie-franziska-giffey-vom-eigenen-spd-kreisverband-degradiert-wurde-14752277.html?icid=topic-list_14789609___\" data-gtm-class=\"article-mzt-link\" class=\"tspCFn4\" target=\"_blank\" rel=\"noopener\">Kein Platz auf der Liste f\u00fcr die Berlin-Wahl Wie Franziska Giffey vom eigenen SPD-Kreisverband degradiert wurde <\/a><\/p>\n<p class=\"tspBPll\">Zun\u00e4chst sah es so aus, als wenn Giffey sich dadurch freischwimmen konnte: Sie gewann die Wahl und f\u00fchrte fortan eine rot-gr\u00fcn-rote Koalition als Regierungschefin an. Doch das Chaos bei der Berlin-Wahl, f\u00fcr das Giffey keine Verantwortung trug, holte sie ein. Bei der Wiederholungswahl 2023 siegte die CDU deutlich.<\/p>\n","protected":false},"excerpt":{"rendered":"F\u00fcr die Neuk\u00f6llner SPD, aber auch f\u00fcr die Berliner SPD ist es ein Polit-Beben: Der bekannte und beliebte&hellip;\n","protected":false},"author":2,"featured_media":561215,"comment_status":"","ping_status":"","sticky":false,"template":"","format":"standard","meta":{"footnotes":""},"categories":[5],"tags":[9943,64594,6604,13,16446,1891,14,15,12,184,10,8,9,11],"class_list":{"0":"post-561214","1":"post","2":"type-post","3":"status-publish","4":"format-standard","5":"has-post-thumbnail","7":"category-nachrichten","8":"tag-abgeordnetenhauswahl","9":"tag-berlin-wahl","10":"tag-franziska-giffey","11":"tag-headlines","12":"tag-jusos","13":"tag-landespolitik-berlin","14":"tag-nachrichten","15":"tag-news","16":"tag-schlagzeilen","17":"tag-spd","18":"tag-top-news","19":"tag-top-meldungen","20":"tag-topmeldungen","21":"tag-topnews"},"share_on_mastodon":{"url":"https:\/\/pubeurope.com\/@de\/115515925994512598","error":""},"_links":{"self":[{"href":"https:\/\/www.europesays.com\/de\/wp-json\/wp\/v2\/posts\/561214","targetHints":{"allow":["GET"]}}],"collection":[{"href":"https:\/\/www.europesays.com\/de\/wp-json\/wp\/v2\/posts"}],"about":[{"href":"https:\/\/www.europesays.com\/de\/wp-json\/wp\/v2\/types\/post"}],"author":[{"embeddable":true,"href":"https:\/\/www.europesays.com\/de\/wp-json\/wp\/v2\/users\/2"}],"replies":[{"embeddable":true,"href":"https:\/\/www.europesays.com\/de\/wp-json\/wp\/v2\/comments?post=561214"}],"version-history":[{"count":0,"href":"https:\/\/www.europesays.com\/de\/wp-json\/wp\/v2\/posts\/561214\/revisions"}],"wp:featuredmedia":[{"embeddable":true,"href":"https:\/\/www.europesays.com\/de\/wp-json\/wp\/v2\/media\/561215"}],"wp:attachment":[{"href":"https:\/\/www.europesays.com\/de\/wp-json\/wp\/v2\/media?parent=561214"}],"wp:term":[{"taxonomy":"category","embeddable":true,"href":"https:\/\/www.europesays.com\/de\/wp-json\/wp\/v2\/categories?post=561214"},{"taxonomy":"post_tag","embeddable":true,"href":"https:\/\/www.europesays.com\/de\/wp-json\/wp\/v2\/tags?post=561214"}],"curies":[{"name":"wp","href":"https:\/\/api.w.org\/{rel}","templated":true}]}}