{"id":561288,"date":"2025-11-08T21:03:17","date_gmt":"2025-11-08T21:03:17","guid":{"rendered":"https:\/\/www.europesays.com\/de\/561288\/"},"modified":"2025-11-08T21:03:17","modified_gmt":"2025-11-08T21:03:17","slug":"niedersachsen-bremen-38-000-legehennen-wegen-gefluegelpestausbruch-getoetet","status":"publish","type":"post","link":"https:\/\/www.europesays.com\/de\/561288\/","title":{"rendered":"Niedersachsen &#038; Bremen: 38.000 Legehennen wegen Gefl\u00fcgelpestausbruch get\u00f6tet"},"content":{"rendered":"<p>                    Niedersachsen &amp; Bremen<br \/>\n                38.000 Legehennen wegen Gefl\u00fcgelpestausbruch get\u00f6tet<\/p>\n<p>\t\t\t\t              08.11.2025, 19:30 Uhr<\/p>\n<p><strong>Bei der Ausbreitung der Gefl\u00fcgelpest ist noch kein Ende in Sicht. In Vechta ist ein Legehennenbetrieb betroffen.<\/strong><\/p>\n<p>Vechta (dpa\/lni) &#8211; In der Stadt Vechta hat es einen erneuten Ausbruch der Vogelgrippe gegeben. Betroffen sei eine H\u00fchnerhaltung mit rund 38.000 Legehennen, teilte der Landkreis Vechta mit. Das Friedrich-Loeffler-Institut (FLI) habe eine am Freitag entnommene Probe untersucht und best\u00e4tigt, dass es sich um die Gefl\u00fcgelpest handele. Der Bestand sei tierschutzgerecht get\u00f6tet worden.\u00a0<\/p>\n<p>In Niedersachsen sind seit Mitte Oktober einer \u00dcbersicht des Landwirtschaftsministeriums zufolge rund 900.000 Tiere wegen der Gefl\u00fcgelpest get\u00f6tet worden (Stand 8.11., 18.51 Uhr).<\/p>\n<p>Sperrzonen eingerichtet<\/p>\n<p>Der Landkreis Vechta erlie\u00df eine Sperrzone mit einer Schutz- und \u00dcberwachungszone zum Schutz vor der Tierseuche. Die Schutzzone hat einen Radius von drei Kilometern rund um den betroffenen Betrieb. Um diese Zone herum wurde eine \u00dcberwachungszone mit einem Radius von zehn Kilometern festgelegt.<\/p>\n<p>Auch in der Gemeinde Rhade (Rotenburg (W\u00fcmme)) habe das FLI einen Ausbruch der Vogelgrippe best\u00e4tigt, teilte der angrenzende Landkreis Osterholz mit. Um den dort betroffenen Betrieb seien ebenfalls eine Schutz- und eine \u00dcberwachungszone eingerichtet worden. Ein Teil der \u00dcberwachungszone liege im Landkreis Osterholz.<\/p>\n","protected":false},"excerpt":{"rendered":"Niedersachsen &amp; Bremen 38.000 Legehennen wegen Gefl\u00fcgelpestausbruch get\u00f6tet 08.11.2025, 19:30 Uhr Bei der Ausbreitung der Gefl\u00fcgelpest ist noch&hellip;\n","protected":false},"author":2,"featured_media":561289,"comment_status":"","ping_status":"","sticky":false,"template":"","format":"standard","meta":{"footnotes":""},"categories":[1824],"tags":[2420,3364,29,135698,30,21612,1411],"class_list":{"0":"post-561288","1":"post","2":"type-post","3":"status-publish","4":"format-standard","5":"has-post-thumbnail","7":"category-bremen","8":"tag-bremen","9":"tag-de","10":"tag-deutschland","11":"tag-gefluegelpestausbruch","12":"tag-germany","13":"tag-legehennen","14":"tag-niedersachsen"},"share_on_mastodon":{"url":"https:\/\/pubeurope.com\/@de\/115516106713836283","error":""},"_links":{"self":[{"href":"https:\/\/www.europesays.com\/de\/wp-json\/wp\/v2\/posts\/561288","targetHints":{"allow":["GET"]}}],"collection":[{"href":"https:\/\/www.europesays.com\/de\/wp-json\/wp\/v2\/posts"}],"about":[{"href":"https:\/\/www.europesays.com\/de\/wp-json\/wp\/v2\/types\/post"}],"author":[{"embeddable":true,"href":"https:\/\/www.europesays.com\/de\/wp-json\/wp\/v2\/users\/2"}],"replies":[{"embeddable":true,"href":"https:\/\/www.europesays.com\/de\/wp-json\/wp\/v2\/comments?post=561288"}],"version-history":[{"count":0,"href":"https:\/\/www.europesays.com\/de\/wp-json\/wp\/v2\/posts\/561288\/revisions"}],"wp:featuredmedia":[{"embeddable":true,"href":"https:\/\/www.europesays.com\/de\/wp-json\/wp\/v2\/media\/561289"}],"wp:attachment":[{"href":"https:\/\/www.europesays.com\/de\/wp-json\/wp\/v2\/media?parent=561288"}],"wp:term":[{"taxonomy":"category","embeddable":true,"href":"https:\/\/www.europesays.com\/de\/wp-json\/wp\/v2\/categories?post=561288"},{"taxonomy":"post_tag","embeddable":true,"href":"https:\/\/www.europesays.com\/de\/wp-json\/wp\/v2\/tags?post=561288"}],"curies":[{"name":"wp","href":"https:\/\/api.w.org\/{rel}","templated":true}]}}