{"id":561388,"date":"2025-11-08T21:57:22","date_gmt":"2025-11-08T21:57:22","guid":{"rendered":"https:\/\/www.europesays.com\/de\/561388\/"},"modified":"2025-11-08T21:57:22","modified_gmt":"2025-11-08T21:57:22","slug":"klatsche-in-bielefeld-unter-die-raeder-gekommen-karlsruher-sc-bei-der-arminia-chancenlos","status":"publish","type":"post","link":"https:\/\/www.europesays.com\/de\/561388\/","title":{"rendered":"Klatsche in Bielefeld: &#8222;Unter die R\u00e4der gekommen&#8220; &#8211; Karlsruher SC bei der Arminia chancenlos"},"content":{"rendered":"<p>            <img loading=\"lazy\" decoding=\"async\" class=\"ts-image\" src=\"https:\/\/www.europesays.com\/de\/wp-content\/uploads\/2025\/11\/swr-bediente-spieler-des-karlsruher-sc-nach-dem-04-in-bielefeld-100.jpg\" alt=\"Bediente Spieler des Karlsruher SC nach dem 0:4 in Bielefeld\" title=\"Bediente Spieler des Karlsruher SC nach dem 0:4 in Bielefeld | IMAGO, Noah Wedel\"\/><\/p>\n<p class=\"metatextline\">Stand: 08.11.2025 17:14 Uhr<\/p>\n<p class=\"textabsatz columns twelve  m-ten  m-offset-one l-eight l-offset-two\">\n        <strong>Der Karlsruher SC muss einen empfindlichen D\u00e4mpfer im Aufstiegsrennen der 2. Liga hinnehmen. Bei Arminia Bielefeld unterlag die Mannschaft von Trainer Christian Eichner mit 0:4. Dementsprechend war die Stimmung bei den Badenern.<\/strong>\n    <\/p>\n<p class=\"textabsatz m-ten m-offset-one l-eight l-offset-two columns twelve\">Es war die Definition eines gebrauchten Tages: Der Karlsruher SC kassierte durch ein dummes Foulspiel von Abwehrspieler Marcel Franke im Gastspiel bei Arminia Bielefeld in der Nachspielzeit der ersten Halbzeit durch einen Foulelfmeter von Joel Grodowski zun\u00e4chst das 0:1 (45. Minute + 3). Nach Wiederanfpiff dauerte es ganze zehn Sekunden, da zappelte der Ball nach einem Treffer von Monju Momuluh erneut im Netz der Badener (46.). Der KSC hatte Anstoss, wohlgemerkt!<\/p>\n<p class=\"textabsatz m-ten m-offset-one l-eight l-offset-two columns twelve\">Drei Minuten sp\u00e4ter hie\u00df es 0:3 aus G\u00e4stesicht, erneut hatte Momuluh zugeschlagen (50.). Der vierte Bielefelder Treffer durch Noah Joel Sarenren Bazee (60.) war dann der negative H\u00f6hepunkt einer desolaten Karlsruher Defensivleistung &#8211; und gleichzeitig der Endstand.<\/p>\n<p>    KSC-Trainer Christian Eichner ist angefressen<\/p>\n<p class=\"textabsatz m-ten m-offset-one l-eight l-offset-two columns twelve\">F\u00fcr KSC-Trainer Christian Eichner war der Doppelschlag vor und nach der Pause Hauptgrund f\u00fcr die deutliche Klatsche seiner Mannschaft. &#8222;Da haben wir dem Gegner zwei Einladungen geschenkt, die er eiskalt ausgenutzt hat. Dann liegst du hier auf der Bielefelder Alm mit 0:2 zur\u00fcck gegen eine Mannschaft, die ihre St\u00e4rken in der Geschwindigkeit nach vorne und im Kontern hat&#8220;, analysierte der angefressene Coach. &#8222;Du musst deswegen aber nicht das dritte und vierte Gegentor fangen. Um aber mit dem Anschlusstreffer zur\u00fcck ins Spiel zu kommen, waren wir heute nicht gut genug. Auch das geh\u00f6rt zur Wahrheit. Wir haben hochverdient verloren.&#8220;<\/p>\n<p>    Marvin Wanitzek: &#8222;Wir verlieren das Spiel in k\u00fcrzester Zeit&#8220;<\/p>\n<p class=\"textabsatz m-ten m-offset-one l-eight l-offset-two columns twelve\">\u00c4hnlich sah es auch KSC-Kapit\u00e4n Marvin Wanitzek. &#8222;Wir verlieren das Spiel in k\u00fcrzester Zeit. Der Gegner kriegt eine breite Brust, wir m\u00fcssen uns sch\u00fctteln, und dann kommt eine Welle nach der anderen&#8220;, analysierte er. &#8222;Das hat heute dazu beigetragen, dass wir unter die R\u00e4der gekommen sind.&#8220;<\/p>\n<p class=\"textabsatz m-ten m-offset-one l-eight l-offset-two columns twelve\">F\u00fcr den KSC war die deutliche Schlappe in Bielefeld ein herber R\u00fcckschlag nach <a href=\"https:\/\/www.swr.de\/sport\/fussball\/ksc-siegt-im-spitzenspiel-gegen-schalke-04-100.html\" title=\"dem dramatischen Last-Minute-Erfolg letzte Woche gegen den FC Schalke 04 (2:1)\" class=\"textlink--extern\" target=\"_blank\" rel=\"noopener nofollow\">dem dramatischen Last-Minute-Erfolg letzte Woche gegen den FC Schalke 04 (2:1)<\/a>. Trotzdem stehen die Badener mit 21 Punkten aus zw\u00f6lf Spielen ordentlich da.<\/p>\n<p>    Christian Eichner: &#8222;Die Jungs haben uns auch schon viel Freude bereitet&#8220;<\/p>\n<p class=\"textabsatz m-ten m-offset-one l-eight l-offset-two columns twelve\">Coach Eichner will das Arminia-Spiel deshalb m\u00f6glichst schnell abhaken. &#8222;Dazu tendiere ich. Wir werden die Dinge ganz normal besprechen&#8220;, k\u00fcndigte er mit Blick auf die Partie gegen Elversberg nach der L\u00e4nderspielpause an (23.11., 13:30 Uhr). &#8222;Das ist die 2. Liga. Man hat heute gesehen, was passieren kann, wenn wir nicht st\u00e4ndig online sind. Aber die Jungs haben uns auch schon viel Freude bereitet. Deswegen werden wir jetzt auch normal mit ihnen umgehen.&#8220;<\/p>\n<p class=\"textabsatz m-ten m-offset-one l-eight l-offset-two columns twelve\">Auch Wanitzek richtete den Blick nach vorne. &#8222;Das wird uns jetzt nicht umhauen&#8220;, sagte er. &#8222;Wir haben ja die letzten Wochen gut gearbeitet. Wir werden in zwei Wochen wieder aufstehen und eine gute Reaktion zeigen.&#8220;<\/p>\n<p class=\"textabsatz m-ten m-offset-one l-eight l-offset-two columns twelve\">Sendung am Sa., 8.11.2025 14:00 Uhr, Stadion, SWR1<\/p>\n<p>                                        <a class=\"backlink__link\" href=\"https:\/\/www.swr.de\/sport\/fussball\/ksc-klatsche-in-bielefeld-reaktionen-100.html\" rel=\"nofollow noopener\" target=\"_blank\"><\/p>\n<p>                                                <img decoding=\"async\" src=\"https:\/\/images.sportschau.de\/image\/d14251d0-d158-4797-a47c-e97e1e58a56b\/AAABlap_vas\/AAABmgWnBPY\/original\/lra-swr-logo-100.svg\" alt=\"S\u00fcdwestrundfunk\"\/><\/p>\n<p>                                        <\/a><\/p>\n","protected":false},"excerpt":{"rendered":"Stand: 08.11.2025 17:14 Uhr Der Karlsruher SC muss einen empfindlichen D\u00e4mpfer im Aufstiegsrennen der 2. Liga hinnehmen. Bei&hellip;\n","protected":false},"author":2,"featured_media":561389,"comment_status":"","ping_status":"","sticky":false,"template":"","format":"standard","meta":{"footnotes":""},"categories":[1841],"tags":[1605,3364,29,30,3850,1209,1755],"class_list":{"0":"post-561388","1":"post","2":"type-post","3":"status-publish","4":"format-standard","5":"has-post-thumbnail","7":"category-bielefeld","8":"tag-bielefeld","9":"tag-de","10":"tag-deutschland","11":"tag-germany","12":"tag-karlsruher-sc","13":"tag-nordrhein-westfalen","14":"tag-swr"},"share_on_mastodon":{"url":"https:\/\/pubeurope.com\/@de\/115516319656958531","error":""},"_links":{"self":[{"href":"https:\/\/www.europesays.com\/de\/wp-json\/wp\/v2\/posts\/561388","targetHints":{"allow":["GET"]}}],"collection":[{"href":"https:\/\/www.europesays.com\/de\/wp-json\/wp\/v2\/posts"}],"about":[{"href":"https:\/\/www.europesays.com\/de\/wp-json\/wp\/v2\/types\/post"}],"author":[{"embeddable":true,"href":"https:\/\/www.europesays.com\/de\/wp-json\/wp\/v2\/users\/2"}],"replies":[{"embeddable":true,"href":"https:\/\/www.europesays.com\/de\/wp-json\/wp\/v2\/comments?post=561388"}],"version-history":[{"count":0,"href":"https:\/\/www.europesays.com\/de\/wp-json\/wp\/v2\/posts\/561388\/revisions"}],"wp:featuredmedia":[{"embeddable":true,"href":"https:\/\/www.europesays.com\/de\/wp-json\/wp\/v2\/media\/561389"}],"wp:attachment":[{"href":"https:\/\/www.europesays.com\/de\/wp-json\/wp\/v2\/media?parent=561388"}],"wp:term":[{"taxonomy":"category","embeddable":true,"href":"https:\/\/www.europesays.com\/de\/wp-json\/wp\/v2\/categories?post=561388"},{"taxonomy":"post_tag","embeddable":true,"href":"https:\/\/www.europesays.com\/de\/wp-json\/wp\/v2\/tags?post=561388"}],"curies":[{"name":"wp","href":"https:\/\/api.w.org\/{rel}","templated":true}]}}