{"id":561412,"date":"2025-11-08T22:12:13","date_gmt":"2025-11-08T22:12:13","guid":{"rendered":"https:\/\/www.europesays.com\/de\/561412\/"},"modified":"2025-11-08T22:12:13","modified_gmt":"2025-11-08T22:12:13","slug":"fussball-bundesliga-koelner-aerger-ueber-elfmeter-kwasniok-ich-hasse-den-var-deutschland-welt","status":"publish","type":"post","link":"https:\/\/www.europesays.com\/de\/561412\/","title":{"rendered":"Fu\u00dfball-Bundesliga: K\u00f6lner \u00c4rger \u00fcber Elfmeter \u2013 Kwasniok: \u00abIch hasse den VAR\u00bb &#8211; Deutschland &#038; Welt"},"content":{"rendered":"<p>Fu\u00dfball-Bundesliga<\/p>\n<p>K\u00f6lner \u00c4rger \u00fcber Elfmeter \u2013 Kwasniok: \u00abIch hasse den VAR\u00bb<\/p>\n<p>08.11.2025, 22:54 Uhr<\/p>\n<p class=\"teaser\">Auch im rheinischen Derby stehen Schiedsrichter und Videobeweis in der Kritik. Aytekin erkl\u00e4rt, warum er zwei Strafst\u00f6\u00dfe zun\u00e4chst nicht gegeben hat.<\/p>\n<p>M\u00f6nchengladbach (dpa) \u2013 Schiedsrichter Deniz Aytekin stand im rheinischen Derby der Fu\u00dfball-Bundesliga mit insgesamt drei verh\u00e4ngten Strafst\u00f6\u00dfen im Mittelpunkt. Zwei Strafst\u00f6\u00dfe f\u00fcr die Gladbacher wurden erst nach VAR-Entscheidung verh\u00e4ngt. In beiden F\u00e4llen hatte Aytekin zun\u00e4chst nicht Elfmeter gepfiffen. \u00abDer Videoassistent hat mich rausgeschickt und dann habe ich gesehen, dass es eindeutig ein klarer Kontakt im Kniebereich war. Und wenn wir diese Technik haben, sollten wir sie auch nutzen\u00bb, sagte der 47-J\u00e4hrige zur ersten Entscheidung. M\u00f6nchengladbach gewann das Duell gegen den 1. FC K\u00f6ln 3:1.<\/p>\n<p>Auch das Handspiel von Kristoffer Lund, der auch beim ersten Elfmeter beteiligt war, sah Aytekin nicht. \u00abDa standen drei Spieler wie eine Mauer vor mir. Was ich dann auf dem Monitor gesehen habe, war ein klarer Strafsto\u00df\u00bb, sagte der Unparteiische, der beim dritten Strafsto\u00df auch nicht richtig lag, als er ein angebliches Foul an Ragnar Ache ahndete. Aytekin gab zu: \u00abDas war sicherlich ein harter Elfmeter. Ob man ihn immer geben w\u00fcrde, wei\u00df ich nicht. Das \u00e4rgert mich nat\u00fcrlich.\u00bb<\/p>\n<p>\u00abVAR ist Chef, nicht mehr der Unparteiische\u00bb<\/p>\n<p>Die K\u00f6lner waren nach dem 1:3 nat\u00fcrlich nicht gut auf die beiden Entscheidungen gegen sie zu sprechen. \u00abIch mag den VAR nicht, ich hasse den VAR. Er verf\u00e4lscht alles. Ich habe das Gef\u00fchl, dass der VAR Chef ist, nicht mehr der Unparteiische\u00bb, sagte K\u00f6lns Trainer Lukas Kwasniok.<\/p>\n<p>Etwas diplomatischer erkl\u00e4rte FC-Sportdirektor Thomas Kessler seine Unzufriedenheit. \u00abIch halte Deniz Aytekin f\u00fcr einen der besten deutschen Schiedsrichter. Wenn wir einen der besten Schiris auf dem Platz haben, der relativ gut steht und die Situationen so bewertet, dass es keine Elfmeter sind, sollten wir die Diskussion f\u00fchren, wann wir den Schiedsrichter \u00fcberhaupt rausschicken an den Monitor\u00bb, sagte der 39-J\u00e4hrige. <\/p>\n<p>Die Gladbacher hatten den ersten Strafsto\u00df von Haris Tabakovic nicht verwandeln k\u00f6nnen, den zweiten nutzte Kevin Diks f\u00fcr die Borussia. Luca Waldschmidt schoss den zweifelhaften Strafsto\u00df f\u00fcr den FC zum 1:3-Endstand ins Tor.<\/p>\n<p>\u00a9 dpa-infocom, dpa:251108-930-267594\/1<\/p>\n","protected":false},"excerpt":{"rendered":"Fu\u00dfball-Bundesliga K\u00f6lner \u00c4rger \u00fcber Elfmeter \u2013 Kwasniok: \u00abIch hasse den VAR\u00bb 08.11.2025, 22:54 Uhr Auch im rheinischen Derby&hellip;\n","protected":false},"author":2,"featured_media":561413,"comment_status":"","ping_status":"","sticky":false,"template":"","format":"standard","meta":{"footnotes":""},"categories":[2],"tags":[623,331,3924,332,3922,815,299,3364,29,30,13,4823,4455,14,3923,15,3921,12,265],"class_list":{"0":"post-561412","1":"post","2":"type-post","3":"status-publish","4":"format-standard","5":"has-post-thumbnail","7":"category-deutschland","8":"tag-1-fc-koeln","9":"tag-aktuelle-nachrichten","10":"tag-aktuelle-nachrichten-aus-deutschland","11":"tag-aktuelle-news","12":"tag-aktuelle-news-aus-deutschland","13":"tag-borussia-moenchengladbach","14":"tag-bundesliga","15":"tag-de","16":"tag-deutschland","17":"tag-germany","18":"tag-headlines","19":"tag-meldung","20":"tag-moenchengladbach","21":"tag-nachrichten","22":"tag-nachrichten-aus-deutschland","23":"tag-news","24":"tag-news-aus-deutschland","25":"tag-schlagzeilen","26":"tag-sport"},"share_on_mastodon":{"url":"https:\/\/pubeurope.com\/@de\/115516377866495983","error":""},"_links":{"self":[{"href":"https:\/\/www.europesays.com\/de\/wp-json\/wp\/v2\/posts\/561412","targetHints":{"allow":["GET"]}}],"collection":[{"href":"https:\/\/www.europesays.com\/de\/wp-json\/wp\/v2\/posts"}],"about":[{"href":"https:\/\/www.europesays.com\/de\/wp-json\/wp\/v2\/types\/post"}],"author":[{"embeddable":true,"href":"https:\/\/www.europesays.com\/de\/wp-json\/wp\/v2\/users\/2"}],"replies":[{"embeddable":true,"href":"https:\/\/www.europesays.com\/de\/wp-json\/wp\/v2\/comments?post=561412"}],"version-history":[{"count":0,"href":"https:\/\/www.europesays.com\/de\/wp-json\/wp\/v2\/posts\/561412\/revisions"}],"wp:featuredmedia":[{"embeddable":true,"href":"https:\/\/www.europesays.com\/de\/wp-json\/wp\/v2\/media\/561413"}],"wp:attachment":[{"href":"https:\/\/www.europesays.com\/de\/wp-json\/wp\/v2\/media?parent=561412"}],"wp:term":[{"taxonomy":"category","embeddable":true,"href":"https:\/\/www.europesays.com\/de\/wp-json\/wp\/v2\/categories?post=561412"},{"taxonomy":"post_tag","embeddable":true,"href":"https:\/\/www.europesays.com\/de\/wp-json\/wp\/v2\/tags?post=561412"}],"curies":[{"name":"wp","href":"https:\/\/api.w.org\/{rel}","templated":true}]}}