{"id":561427,"date":"2025-11-08T22:22:23","date_gmt":"2025-11-08T22:22:23","guid":{"rendered":"https:\/\/www.europesays.com\/de\/561427\/"},"modified":"2025-11-08T22:22:23","modified_gmt":"2025-11-08T22:22:23","slug":"karl-may-museum-in-radebeul-gegen-stereotype-im-indigenen-november","status":"publish","type":"post","link":"https:\/\/www.europesays.com\/de\/561427\/","title":{"rendered":"Karl May Museum in Radebeul: Gegen Stereotype im &#8222;Indigenen November&#8220;"},"content":{"rendered":"<ul>\n<li>Mit einem <a href=\"#Sie\">Aktionsmonat<\/a> will das Karl May Museum in Radebeul \u00fcber das Leben nordamerikanischer Ureinwohner informieren.<\/li>\n<li><a href=\"#Museum\">Vertreter von indigenen V\u00f6lkern<\/a> berichten \u00fcber ihre jeweilige Kultur und wollen \u00fcber Vorurteile aufkl\u00e4ren.<\/li>\n<li><a href=\"#May\">Karl May<\/a> habe falsche Stereotype verbreitet, aber auch Neugier f\u00fcr das Leben von Native Americans geweckt.<\/li>\n<\/ul>\n<p class=\"text\">\n&#8222;<a name=\"Sie\">Sie<\/a> nennen uns Navajo, aber wir nennen uns selber Din\u00e9&#8220;, erz\u00e4hlt Kevin Manygoats. Zwar lebt er schon seit 20 Jahren in Sachsen \u2013 dennoch hat er es sich zur Aufgabe gemacht, von seiner ersten Heimat zu erz\u00e4hlen und ist Teil des &#8222;Indigenen Novembers&#8220; im <a href=\"https:\/\/www.mdr.de\/nachrichten\/sachsen\/dresden\/dresden-radebeul\/karl-may-museum-zukunft-kultur-news-100.html\" title=\"Radebeul: Wie Karl May f\u00fcr junge Menschen wieder interessant werden kann\" target=\"_blank\" rel=\"noopener\">Karl May Museum Radebeul<\/a>. Ziel der Aktion: Fremdbezeichnungen aufdecken, verstaubte Vorstellungen richtigstellen und die indigene Kultur feiern.\n<\/p>\n<p class=\"text\">\nDas Museum kn\u00fcpft damit an den 1990 eingef\u00fchrten &#8222;Native American Heritage Month&#8220; an. Jedes Jahr w\u00fcrdigt dieser Aktionsmonat in den USA das kulturelle und historische Erbe der nordamerikanischen Ureinwohner. &#8222;Wir m\u00f6chten nat\u00fcrlich ein St\u00fcck weit zeigen, dass wir uns als Karl May Museum nicht nur ausruhen darauf, dass wir eine Sammlung indianischer Kulturen hier pr\u00e4sentieren&#8220;, betont Museumsleiter Robin Leipold im Gespr\u00e4ch mit MDR KULTUR. &#8222;Wir wollen auch aktiv diesen Ort als eine Art Plattform nutzen, um in den Dialog mit indigenen Menschen zu kommen.&#8220;\n<\/p>\n<p><a name=\"Museum\">Museum<\/a> in Radebeul gegen transatlantische Vorurteile<\/p>\n<p class=\"text\">\nDazu hat das Museum Vertreter und Vertreterinnen verschiedener indigener V\u00f6lker eingeladen, die \u00fcber ihre jeweilige Kultur erz\u00e4hlen. Es finden offene Gespr\u00e4chsrunden, Vortr\u00e4ge, aber auch Shows statt. Wenn Kevin Manygoats also korrigert, dass er sich selbst als Din\u00e9 bezeichnet, geht es genau darum: Die Geschichte von denjenigen erz\u00e4hlen zu lassen, denen sie geh\u00f6rt.\n<\/p>\n<p class=\"text\">\nDabei stecken in der indigenen Kultur Nordamerikas ganz verschiedene Realit\u00e4ten. Mehr als 550 anerkannte indigene Volksgruppen gibt es in den USA, \u00fcber die H\u00e4lfte lebt in selbst verwalteten Reservaten. Tradition und Moderne m\u00fcssen dabei kein Widerspruch sein, sagt Kevin Manygoats. Oft h\u00e4tten die Leute ein Bild, das aus dem 19. Jahrhundert stamme. &#8222;Wir sind nicht auf der Jagd nach B\u00fcffeln. Wir gehen au\u00dferhalb der Reservate arbeiten, manche sind Doktoranden, Wissenschaftler oder Anw\u00e4lte.&#8220;\n<\/p>\n<blockquote>\n<p class=\"text\">Wir sind nicht auf der Jagd nach B\u00fcffeln. Wir gehen au\u00dferhalb der Reservate arbeiten, manche sind Doktoranden, Wissenschaftler oder Anw\u00e4lte.<\/p>\n<p>Kevin Manygoats<\/p>\n<\/blockquote>\n<p>Mit &#8222;Indianer&#8220;-Stereotypen aufr\u00e4umen<\/p>\n<p class=\"text\">\nAuch Kendall Old Elk ist Teil des &#8222;Indigenen Novembers&#8220; in Radebeul. Seine Sprache ist der Tanz: Indem er seine Kultur durch T\u00e4nze ausdr\u00fcckt, m\u00f6chte er f\u00fcr Verst\u00e4ndnis und Gespr\u00e4che sorgen. &#8222;Oft gucken Leute uns an und sagen: &#8218;Howgh'&#8220;, erz\u00e4hlt Kendall Old Elk. &#8222;Das ist einer der gr\u00f6\u00dften <a href=\"https:\/\/www.mdr.de\/nachrichten\/sachsen\/dresden\/fasching-karneval-kritik-kulturelle-aneignung-kultur-news-100.html\" title=\"Dresden: Wie migrantische Menschen auf Fasching und Kost\u00fcme blicken \" target=\"_blank\" rel=\"noopener\">Stereotype aus den Filmen<\/a>. Genauso wie Friedenspfeife rauchen. Oder verschiedene W\u00f6rter, die einfach nicht existieren oder eine ganz andere Bedeutung haben. In meinen Augen richtet das gro\u00dfen Schaden an. Das sorgt f\u00fcr Missverst\u00e4ndnisse, das ist Rassismus. Ich frage die Leute hier ja auch nicht einfach: Wo ist deine Lederhose?&#8220;\n<\/p>\n<blockquote>\n<p class=\"text\"> Ich frage die Leute hier ja auch nicht einfach: Wo ist deine Lederhose?<\/p>\n<p>Kendall Old Elk<\/p>\n<\/blockquote>\n<p>Karl <a name=\"May\">May<\/a> hat Neugier geweckt<\/p>\n<p class=\"text\">\n<a href=\"https:\/\/www.mdr.de\/nachrichten\/sachsen\/dresden\/dresden-radebeul\/winnetou-geschichte-karl-may-jubilaeum-kultur-news-100.html\" title=\"In Dresden erscheint vor 150 Jahren die erste Winnetou-Geschichte\" target=\"_blank\" rel=\"noopener\">Karl May<\/a> hat von seinem Schreibtisch in Radebeul aus Geschichten \u00fcber Menschen auf einem weit entfernten Kontinent geschrieben. Ein Blick von au\u00dfen, voller Zuschreibungen. Vieles ist falsch, \u00fcberholt oder wird als koloniale Perspektive kritisiert. Dennoch ist es f\u00fcr Kendall Old Elk nicht verkehrt, im Karl May Museum aufzutreten: &#8222;Ich denke, es ist wunderbar, was er getan hat&#8220;, sagt er. &#8222;Weil er die K\u00f6pfe der deutschen Menschen f\u00fcr unsere Kultur ge\u00f6ffnet hat. Er hat ihre Neugier geweckt.&#8220;\n<\/p>\n<p class=\"text\">\nAn diese Neugier wollen Menschen wie Kendall Old Elk und Kevin Manygoats ankn\u00fcpfen \u2013 um ins Gespr\u00e4ch zu kommen und mit dem ein oder anderen Vorurteil aufzur\u00e4umen. Ob im Tanz, durch B\u00fccher oder Vortr\u00e4ge: Der &#8222;Indigene November&#8220; soll\u00a0 R\u00e4ume schaffen, um dazuzulernen und um Geh\u00f6r zu finden.<\/p>\n","protected":false},"excerpt":{"rendered":"Mit einem Aktionsmonat will das Karl May Museum in Radebeul \u00fcber das Leben nordamerikanischer Ureinwohner informieren. Vertreter von&hellip;\n","protected":false},"author":2,"featured_media":561428,"comment_status":"","ping_status":"","sticky":false,"template":"","format":"standard","meta":{"footnotes":""},"categories":[1835],"tags":[4249,3951,135714,18061,3364,29,2386,30,9039,135715,135711,49760,66,81,2264,135713,6906,859,135712],"class_list":{"0":"post-561427","1":"post","2":"type-post","3":"status-publish","4":"format-standard","5":"has-post-thumbnail","7":"category-dresden","8":"tag-rassismus","9":"tag-aktion","10":"tag-amerikanische-ureinwohner","11":"tag-aufklaerung","12":"tag-de","13":"tag-deutschland","14":"tag-dresden","15":"tag-germany","16":"tag-indianer","17":"tag-indigene-bevoelkerung","18":"tag-indigener-november","19":"tag-karl-may","20":"tag-kulturnachrichten","21":"tag-mdr","22":"tag-museum","23":"tag-native-americans","24":"tag-radebeul","25":"tag-sachsen","26":"tag-stereotype"},"share_on_mastodon":{"url":"https:\/\/pubeurope.com\/@de\/115516417205272396","error":""},"_links":{"self":[{"href":"https:\/\/www.europesays.com\/de\/wp-json\/wp\/v2\/posts\/561427","targetHints":{"allow":["GET"]}}],"collection":[{"href":"https:\/\/www.europesays.com\/de\/wp-json\/wp\/v2\/posts"}],"about":[{"href":"https:\/\/www.europesays.com\/de\/wp-json\/wp\/v2\/types\/post"}],"author":[{"embeddable":true,"href":"https:\/\/www.europesays.com\/de\/wp-json\/wp\/v2\/users\/2"}],"replies":[{"embeddable":true,"href":"https:\/\/www.europesays.com\/de\/wp-json\/wp\/v2\/comments?post=561427"}],"version-history":[{"count":0,"href":"https:\/\/www.europesays.com\/de\/wp-json\/wp\/v2\/posts\/561427\/revisions"}],"wp:featuredmedia":[{"embeddable":true,"href":"https:\/\/www.europesays.com\/de\/wp-json\/wp\/v2\/media\/561428"}],"wp:attachment":[{"href":"https:\/\/www.europesays.com\/de\/wp-json\/wp\/v2\/media?parent=561427"}],"wp:term":[{"taxonomy":"category","embeddable":true,"href":"https:\/\/www.europesays.com\/de\/wp-json\/wp\/v2\/categories?post=561427"},{"taxonomy":"post_tag","embeddable":true,"href":"https:\/\/www.europesays.com\/de\/wp-json\/wp\/v2\/tags?post=561427"}],"curies":[{"name":"wp","href":"https:\/\/api.w.org\/{rel}","templated":true}]}}