{"id":561477,"date":"2025-11-08T22:48:17","date_gmt":"2025-11-08T22:48:17","guid":{"rendered":"https:\/\/www.europesays.com\/de\/561477\/"},"modified":"2025-11-08T22:48:17","modified_gmt":"2025-11-08T22:48:17","slug":"bayern-siegeszug-in-berlin-gestoppt-xaver-schlager-wieder-verletzt","status":"publish","type":"post","link":"https:\/\/www.europesays.com\/de\/561477\/","title":{"rendered":"Bayern-Siegeszug in Berlin gestoppt! Xaver Schlager wieder verletzt"},"content":{"rendered":"<p>Der 17. Sieg hintereinander gelang nicht. Bayern M\u00fcnchen kann also nicht nur gewinnen. Der deutsche Meister geriet in der Alten F\u00f6rsterei bei Union Berlin zweimal in R\u00fcckstand, schaffte nur ein 2:2 (1:1), bei dem Harry Kane in der 93. Minute die erste Saisonniederlage verhinderte.\u00a0 In dieser Situation stand Ex-Rapidler Leopold Querfeld etwas zu weit vom Torj\u00e4ger weg, um ihn am Kopfball hindern zu k\u00f6nnen (Bild).\u00a0 Der erste schwere Fehler von Torh\u00fcter Manuel Neuer in dieser Saison brachte Bayern in R\u00fcckstand, ein Geniestreich von Luis Diaz bedeutete noch vor der Pause den Ausgleich. Als Konrad Laimer, diesmal rechter Verteidiger, in der 80. Minute ausgetauscht wurde, stand es nioch 1:1. Es folgte ein turbulentes Finish: Eine verungl\u00fcckte Abwehr von Kane im eigenen Strafraum sorgte f\u00fcr das zweite Tor des Berliner Innenverteidigers Danilo Doekhi, ehe Kane mit dem 16. Tor in zehn Runden noch zur\u00fcckschlug. Querfelds Trainer Steffen Baumgart tobte nachher ein vom VAR wegen Abseite annullierten Union-Tor: \u201eDa hat jemand Lack gesoffen!\u201c Bayerns Sportchef Christoph Freund lobte die Mentalit\u00e4t seiner Stars: \u201eSie wollen einfach nicht verlieren!\u201c Der Rekord aus der Trainer\u00e4ra von Pep Guardiola, die erste zehn Bundesligaspiele zu gewinnen, wurde aber nicht eingestellt.<\/p>\n<p>Auch die Erfolgsserie von RB Leipzig endete. Nach neun Spielen ohne Niederlage verloren Christoph Baumgartner und Nicolas Seiwald bei Hoffenheim nach schneller 1:0-F\u00fchrung noch 1:3 (1:2).\u00a0 Die internen Turbulenzen bei Hoffenheim wirkten sich nicht negativ auf die Mannschaft aus, es gab den vierten Sieg hintereinander: \u201eErst, wenn wir im Fr\u00fchjahr unter den ersten sechs der Tabelle stehen, ist es eine gelungene Saison\u201c, wollte Trainer Christian Ilzer, der Alexander Prass im Finish einwechselte, die Jubelstimmung etwas bremsen. Sportchef Andreas Schicker gab \u201eSky\u201c kein Interview zu seiner Situation und zum Angebot aus Salzburg. Schlechte Nachrichten aus Leipzig gibt es f\u00fcr \u00d6sterreichs Teamchef Ralf Rangnick: Xaver Schlager, der im Kader f\u00fcr die letzten WM-Qualifikationsspiele gegen Zypern und Bosnien steht, erlitt im Traning wieder eine Wadenverletzung, fiel daher gegen Hoffenheim aus. Auch f\u00fcr das Team, wie bereits im Oktober?<\/p>\n<p>Marcel Sabitzer hatte f\u00fcr Borussia Dortmund einen ungl\u00fccklichen Kurzauftritt: Als er beim Hamburger SV in der 90. Minute eingewechselt wurde, f\u00fchrte Dortmund. Mit der letzten Aktion in der 97. Minuten fiel Hamburgs Ausgleich. Haris Tabakovic, Bosniens Teamst\u00fcrmer mit Austria-Vergangenheit, bewies beim 3:1 (1:0) von Borussia M\u00f6nchengladbach im Rhein-Derby gegen den 1. FC K\u00f6ln, seine gute Form: Ein Tor erzielt, eines vorbereitet.<\/p>\n<p class=\"image-credits\" size=\"2\">Foto: <a href=\"\" target=\"_blank\" size=\"4\">FC Bayern<\/a>.<\/p>\n<p>\t\t\t\t\t\t\t\t\t\t\t\t\t\t\t\t\t\t\t\t\t\t\t\t\t<img decoding=\"async\" src=\"https:\/\/www.europesays.com\/de\/wp-content\/uploads\/2025\/11\/LogoPeterLindenLive-3.png\"\/><\/p>\n","protected":false},"excerpt":{"rendered":"Der 17. Sieg hintereinander gelang nicht. Bayern M\u00fcnchen kann also nicht nur gewinnen. Der deutsche Meister geriet in&hellip;\n","protected":false},"author":2,"featured_media":561478,"comment_status":"","ping_status":"","sticky":false,"template":"","format":"standard","meta":{"footnotes":""},"categories":[1825],"tags":[296,29,30,72983],"class_list":{"0":"post-561477","1":"post","2":"type-post","3":"status-publish","4":"format-standard","5":"has-post-thumbnail","7":"category-berlin","8":"tag-berlin","9":"tag-deutschland","10":"tag-germany","11":"tag-gestoppt"},"share_on_mastodon":{"url":"https:\/\/pubeurope.com\/@de\/115516520848695430","error":""},"_links":{"self":[{"href":"https:\/\/www.europesays.com\/de\/wp-json\/wp\/v2\/posts\/561477","targetHints":{"allow":["GET"]}}],"collection":[{"href":"https:\/\/www.europesays.com\/de\/wp-json\/wp\/v2\/posts"}],"about":[{"href":"https:\/\/www.europesays.com\/de\/wp-json\/wp\/v2\/types\/post"}],"author":[{"embeddable":true,"href":"https:\/\/www.europesays.com\/de\/wp-json\/wp\/v2\/users\/2"}],"replies":[{"embeddable":true,"href":"https:\/\/www.europesays.com\/de\/wp-json\/wp\/v2\/comments?post=561477"}],"version-history":[{"count":0,"href":"https:\/\/www.europesays.com\/de\/wp-json\/wp\/v2\/posts\/561477\/revisions"}],"wp:featuredmedia":[{"embeddable":true,"href":"https:\/\/www.europesays.com\/de\/wp-json\/wp\/v2\/media\/561478"}],"wp:attachment":[{"href":"https:\/\/www.europesays.com\/de\/wp-json\/wp\/v2\/media?parent=561477"}],"wp:term":[{"taxonomy":"category","embeddable":true,"href":"https:\/\/www.europesays.com\/de\/wp-json\/wp\/v2\/categories?post=561477"},{"taxonomy":"post_tag","embeddable":true,"href":"https:\/\/www.europesays.com\/de\/wp-json\/wp\/v2\/tags?post=561477"}],"curies":[{"name":"wp","href":"https:\/\/api.w.org\/{rel}","templated":true}]}}