{"id":561596,"date":"2025-11-09T00:02:26","date_gmt":"2025-11-09T00:02:26","guid":{"rendered":"https:\/\/www.europesays.com\/de\/561596\/"},"modified":"2025-11-09T00:02:26","modified_gmt":"2025-11-09T00:02:26","slug":"bambergs-basketballer-verlieren-zuhause-gegen-frankfurt-knapp-mit-7780","status":"publish","type":"post","link":"https:\/\/www.europesays.com\/de\/561596\/","title":{"rendered":"Bambergs Basketballer verlieren zuhause gegen Frankfurt knapp mit 77:80"},"content":{"rendered":"<p><img loading=\"lazy\" decoding=\"async\" aria-describedby=\"caption-attachment-368721\" class=\"size-medium wp-image-368721 lazy\" src=\"data:image\/svg+xml,%3Csvg%20xmlns=\" http:=\"\" data-src=\"https:\/\/www.europesays.com\/de\/wp-content\/uploads\/2025\/11\/1000263202-250x188.jpg\" alt=\"Man darf gespannt sein, ob die BMA 365 Bamberg Baskets an die bisherigen guten Leistungen ankn\u00fcpfen k\u00f6nnen. \/ Foto: Alexander Hitschfel\" width=\"250\" height=\"188\" data- data-\/><\/p>\n<p id=\"caption-attachment-368721\" class=\"wp-caption-text\">Man darf gespannt sein, ob die BMA 365 Bamberg Baskets an die bisherigen guten Leistungen ankn\u00fcpfen k\u00f6nnen. \/ Foto: Alexander Hitschfel<\/p>\n<p style=\"text-align: left;\">Der aktuelle Tabellensechste der BBL, die BMA 365 Bamberg Baskets empfing heute am Samstagabend die Skyliners aus Frankfurt. Man wolle an die bisherigen guten Leistungen ankn\u00fcpfen hie\u00df es im Vorfeld der Partie. Anpfiff ist um 18.30 Uhr. Die gute Laune von Trainer Anton Gavel war so schnell verzogen, wie der B\u00fchnennebel im Vorfeld des Anpfiffs, denn nach gespielten acht Minuten im ersten Viertel stand es 12:20 f\u00fcr die anf\u00e4nglich stark aufspielenden G\u00e4ste aus Frankfurt. Zu harmlos die Gastgeber im Angriff; zu nachl\u00e4ssig in der Verteidigung. Das Resultat am Ende des ersten Viertels deswegen auch eine verdiente F\u00fchrung von 17:27 f\u00fcr die G\u00e4ste aus Frankfurt. Bester Werfer auf Bamberger Seite zu diesem Zeitpunkt Ibi Watson mit f\u00fcnf Punkten.<\/p>\n<p><strong>Aufholjagd der Bamberger im zweiten Viertel<\/strong><\/p>\n<p>Wer jetzt aber gedacht hatte, dass Bamberg die angezogene Handbremse l\u00f6sen w\u00fcrde, der irrte. Frankfurt baute nach und nach die F\u00fchrung weiter aus. Nach gespielten drei Minuten im zweiten Viertel war auf der Anzeigentafel sogar ein f\u00fcnfzehn Punkte Vorsprung f\u00fcr die G\u00e4ste zu lesen. 19:34 hie\u00df es zu diesem Zeitpunkt. Man wusste zwar nicht, was Headcoach Anton Gavel seinen Jungs in den genommenen Time-Outs mit auf \u201eden Weg\u201c gegeben hatte, jedoch sah man in den Folgeminuten eine Bamberger Mannschaft die sprichw\u00f6rtlich \u201eeinen Gang zulegte\u201c und zum Ende des zweiten Viertels den Abstand weiter verk\u00fcrzen konnte. 41:45 lautete der Halbzeitstand nach gespielten zwei Vierteln. Toppscorer zu diesem Zeitpunkt Ibi Watson, der mit einer guten Leistung dazu beitrug, dass die Bamberger den Abstand deutlich verk\u00fcrzen konnten. Zweitbester Bamberger nach zwei Vierteln Cobe Williams mit zw\u00f6lf Punkten. Auf Frankfurter Seite war es Jaedon Le Dee, der zum Halbzeitergebnis zw\u00f6lf Punkte beisteuerte.<\/p>\n<p><strong>Bamberg l\u00e4uft wiederum Frankfurter F\u00fchrung hinterher<\/strong><\/p>\n<p>Offenbar schien es deutliche Worte von Headcoach Anton Gavel in der Halbzeitpause gegeben haben, denn die Mannschaft kam voller Euphorie aus der Kabine und konnte nach gespielten zwei Minuten sogar das Spiel drehen. 46:45 lautete der Spielstand nach gespielten zwei Minuten. Die Zuschauerzahl an diesem Abend: 5009. 54:54 hie\u00df es kurz vor Ende des dritten Viertels. Zwei Freiw\u00fcrfe f\u00fcr Frankfurt sorgten f\u00fcr den 54:56 Spielstand am Ende des vorletzten Viertels. Was w\u00e4re Bamberg ohne die Leistungstr\u00e4ger Watson und Williams, die ihr Team im Spiel hielten.<\/p>\n<p><strong>Viele individuelle Fehler f\u00fchrten zu vermeidbarer Niederlage<\/strong><\/p>\n<p>Mit Spannung wurde das alles entscheidende letzte Viertel erwartet. Frankfurt setzte sich erneut ab und konnte nach gespielten zwei Minuten im letzten Viertel ihre F\u00fchrung auf 54:61 ausbauen. Ob Bamberg diese F\u00fchrung der G\u00e4ste nochmals aufholen kann? L\u00e4utete Ibi Watson mit einem sch\u00f6nen Dreier 6:20 vor dem Schluss die erneute Aufholjagd ein? Anfangs sah es nicht so aus, denn EJ Onu war es der zwei Freiw\u00fcrfe f\u00fcr Bamberg vergab. Vier Minuten vor Ert\u00f6nen der Schlusssirene liefen die Bamberger beim Stande von 64:72 einen acht Punkte R\u00fcckstand hinterher. Frankfurt hielt seine Verfolger auch weiterhin auf Abstand. 71:75 f\u00fcr Frankfurt stand es eine Minute vor Schluss. Dann wurde es nochmal spannend: 75:77 vierzehn Sekunden vor dem Ende. Zwei von drei verwandelten Freiw\u00fcrfen f\u00fcr Frankfurt brachten die Gastgeber schlie\u00dflich auf die Gewinnerstra\u00dfe. Sieben Sekunden vor dem Ende: 77:79. Ein weiterer verwandelter Freiwurf f\u00fcr Frankfurt lie\u00df das Ergebnis schlie\u00dflich auf 77:80 anwachsen. Endstand: 77:80.<\/p>\n<p>Fazit: Eine unn\u00f6tige Niederlage, die durchaus vermeidbar gewesen w\u00e4re, wenn man die vielen unn\u00f6tigen Ballverluste in den ersten beiden Vierteln nicht gehabt h\u00e4tte.<\/p>\n<p>F\u00fcr Bamberg trafen: Zachary Ensminger (0), Ibi Watson (25), Finn D\u00f6ntgens (0), Demarcus Demonia (5), Richard Balint (6), Adrian Petkovic (4), Cobe Williams (26), Patrick Heckmann (0), EJ Oni (6) und Austin Crowley (5).<\/p>\n<p>\u00a0<\/p>\n<p>\u00a0<\/p>\n<p>\u00a0<\/p>\n<p>\u00a0<\/p>\n<p>\u00a0<\/p>\n<p>\u00a0<\/p>\n<p>Das k\u00f6nnte Sie ebenfalls interessieren:<\/p>\n","protected":false},"excerpt":{"rendered":"Man darf gespannt sein, ob die BMA 365 Bamberg Baskets an die bisherigen guten Leistungen ankn\u00fcpfen k\u00f6nnen. \/&hellip;\n","protected":false},"author":2,"featured_media":1996,"comment_status":"","ping_status":"","sticky":false,"template":"","format":"standard","meta":{"footnotes":""},"categories":[1829],"tags":[5705,29,2050,2051,30,2052,26027],"class_list":{"0":"post-561596","1":"post","2":"type-post","3":"status-publish","4":"format-standard","5":"has-post-thumbnail","7":"category-frankfurt-am-main","8":"tag-bamberg","9":"tag-deutschland","10":"tag-frankfurt","11":"tag-frankfurt-am-main","12":"tag-germany","13":"tag-hessen","14":"tag-landkreis-bamberg"},"share_on_mastodon":{"url":"https:\/\/pubeurope.com\/@de\/115516810578193318","error":""},"_links":{"self":[{"href":"https:\/\/www.europesays.com\/de\/wp-json\/wp\/v2\/posts\/561596","targetHints":{"allow":["GET"]}}],"collection":[{"href":"https:\/\/www.europesays.com\/de\/wp-json\/wp\/v2\/posts"}],"about":[{"href":"https:\/\/www.europesays.com\/de\/wp-json\/wp\/v2\/types\/post"}],"author":[{"embeddable":true,"href":"https:\/\/www.europesays.com\/de\/wp-json\/wp\/v2\/users\/2"}],"replies":[{"embeddable":true,"href":"https:\/\/www.europesays.com\/de\/wp-json\/wp\/v2\/comments?post=561596"}],"version-history":[{"count":0,"href":"https:\/\/www.europesays.com\/de\/wp-json\/wp\/v2\/posts\/561596\/revisions"}],"wp:featuredmedia":[{"embeddable":true,"href":"https:\/\/www.europesays.com\/de\/wp-json\/wp\/v2\/media\/1996"}],"wp:attachment":[{"href":"https:\/\/www.europesays.com\/de\/wp-json\/wp\/v2\/media?parent=561596"}],"wp:term":[{"taxonomy":"category","embeddable":true,"href":"https:\/\/www.europesays.com\/de\/wp-json\/wp\/v2\/categories?post=561596"},{"taxonomy":"post_tag","embeddable":true,"href":"https:\/\/www.europesays.com\/de\/wp-json\/wp\/v2\/tags?post=561596"}],"curies":[{"name":"wp","href":"https:\/\/api.w.org\/{rel}","templated":true}]}}