{"id":561770,"date":"2025-11-09T01:47:20","date_gmt":"2025-11-09T01:47:20","guid":{"rendered":"https:\/\/www.europesays.com\/de\/561770\/"},"modified":"2025-11-09T01:47:20","modified_gmt":"2025-11-09T01:47:20","slug":"hagen-benz-das-boese-in-dir","status":"publish","type":"post","link":"https:\/\/www.europesays.com\/de\/561770\/","title":{"rendered":"Hagen Benz: Das B\u00f6se in Dir"},"content":{"rendered":"<p><b>Inhalt \/ Kritik<\/b><\/p>\n<p style=\"text-align: justify;\">Als Kommissarin Elena Weber (<a href=\"https:\/\/www.film-rezensionen.de\/2020\/03\/julia-koschitz\/\" target=\"_blank\" rel=\"noopener\"><strong>Julia Koschitz<\/strong><\/a>) wegen des Funds einer Leiche ermittelt, bemerkt sie, dass sie jemand aus der Ferne beobachtet: Hagen Benz (<strong>Heiner Lauterbach<\/strong>). Der war selbst Polizist, bis er vor zwei Jahren als Reaktion auf seinen Herzinfarkt den Dienst quittierte. Noch gr\u00f6\u00dfer ist die \u00dcberraschung, als er anbietet, sie bei dem Fall zu unterst\u00fctzen. Schlie\u00dflich vermutet er, dass es einen Zusammenhang gibt mit seinem eigenen letzten Fall. Damals ging es um den Mord an einem Obdachlosen, den er nie hat aufkl\u00e4ren k\u00f6nnen. Jetzt bietet sich die Chance, das vielleicht noch zu schaffen. Einfach ist das nicht, denn die Zusammenarbeit zwischen den beiden gestaltet sich schwierig \u2013 zumal Benz nicht alles zu sagen scheint, was er wei\u00df \u2026<\/p>\n<p>Auftakt einer neuen Krimireihe<\/p>\n<p style=\"text-align: justify;\">Und die n\u00e4chste Krimireihe im \u00f6ffentlich-rechtlichen Fernsehen. Eigentlich sollte man meinen, dass es inzwischen nun wirklich genug davon gibt, es vergeht schlie\u00dflich kaum ein Tag, an dem nicht ein Krimi l\u00e4uft. Und doch scheint aktuell vor allem die <strong>ARD<\/strong> daran interessiert zu sein, noch weitere zu etablieren. So ist es noch nicht lange her, dass mit <a href=\"https:\/\/www.film-rezensionen.de\/2025\/10\/die-verteidigerin-der-fall-belling-tv-fernsehen-ard\/\" target=\"_blank\" rel=\"noopener\">Die Verteidigerin: Der Fall Belling<\/a> und <a href=\"https:\/\/www.film-rezensionen.de\/2025\/09\/im-namen-der-wahrheit-traue-niemandem-tv-fernsehen-ard\/\" target=\"_blank\" rel=\"noopener\">Im Namen der Wahrheit: Traue Niemandem<\/a> zwei Filme ausgestrahlt wurden, bei denen jeweils eine Anw\u00e4ltin im Mittelpunkt steht. Mit <a href=\"https:\/\/www.film-rezensionen.de\/2025\/03\/mordlichter-tod-auf-den-faeroeer-inseln\/\" target=\"_blank\" rel=\"noopener\">Mordlichter \u2013 Tod auf den F\u00e4r\u00f6er Inseln<\/a> und <a href=\"https:\/\/www.film-rezensionen.de\/2025\/04\/mord-in-wien-der-letzte-bissen\/\" target=\"_blank\" rel=\"noopener\">Mord in Wien: Der letzte Bissen<\/a> gab es aber auch klassischere Vertreter. Gemeinsam ist den vier Filmen, dass sie jeweils den Auftakt f\u00fcr potenzielle neue Krimireihen markieren. Und auch Hagen Benz: Das B\u00f6se in Dir ist offensichtlich auf ein serielles Erz\u00e4hlen ausgelegt \u2013 sofern genug Leute einschalten.<\/p>\n<p style=\"text-align: justify;\">Um ein gro\u00dfes Publikum anziehen zu k\u00f6nnen, wurde auf bekannte Gesichter gesetzt. Heiner Lauterbach, Julia Koschitz und <strong>Uwe Preu\u00df<\/strong>, das ist schon ein renommiertes Ensemble. Gleichzeitig ist das aber auch ein Problem, weil die drei in so vielen Filmen auftreten, gerade im Fernsehen, dass dies nicht unbedingt dazu beitr\u00e4gt, Hagen Benz: Das B\u00f6se in Dir ein eigenes Gesicht zu verleihen. Das ist ein grunds\u00e4tzliches Manko hiesiger TV-Produktionen: Irgendwie scheint der Pool an Schauspielern und Schauspielerinnen so klein zu sein, dass es nur schwer m\u00f6glich ist, die Filme und Serien auseinanderzuhalten. Insbesondere, wenn diese auch inhaltlich sehr beliebig geworden sind. Und das ist bei dieser Auftaktfolge leider in mehrfacher Hinsicht der Fall.<\/p>\n<p>Inhaltlich schwach<\/p>\n<p style=\"text-align: justify;\">Schon die Figurenzeichnung l\u00e4sst einen verzweifeln. Es ist ja schlimm genug, wenn Krimis auf das Stereotyp des einsamen Wolfs zur\u00fcckgreifen, der mit niemandem zusammenarbeitet und st\u00e4ndig Alleing\u00e4nge startet. Bei Hagen Benz: Das B\u00f6se in Dir war man nun der Meinung, dass es doch toll w\u00e4re, dieses Stereotyp zu verdoppeln und einfach zwei solcher Leute zusammenzuwerfen. Das Ergebnis schwankt zwischen langweilig und \u00e4rgerlich, wenn mal wieder niemand der Ansicht ist, sich an Regeln, Absprachen oder Gesetze halten zu m\u00fcssen, und damit die Ermittlungen nur unn\u00f6tig verkompliziert. Dass sp\u00e4ter zus\u00e4tzlich eine pers\u00f6nliche Betroffenheit ans Tageslicht kommt, macht die Sache noch schlimmer. Solche privaten Verwicklungen werden meist dann ausgepackt, wenn die Ideen fehlen.<\/p>\n<p style=\"text-align: justify;\">Aber auch in anderer Hinsicht \u00fcberzeugt das hier inhaltlich nicht. So ist das Verhalten der Figuren teils willk\u00fcrlich, das ergibt mitunter alles \u00fcberhaupt keinen Sinn. An manchen Stellen sind es die Dialoge, die einen aus dem Geschehen rei\u00dfen, wenn es mal wieder ziemlich plump wird. Das zeigt sich gerade auch im weiteren Verlauf, wenn klar wird, worum es eigentlich geht und wie die beiden Morde zusammenh\u00e4ngen. Hagen Benz: Das B\u00f6se in Dir\u00a0greift dabei ein ebenso wichtiges wie tragisches Thema auf, verschenkt dieses dann aber fahrl\u00e4ssig. Das Ergebnis will bewegend und abgr\u00fcndig sein, wird dem Ganzen aber nicht gerecht. Sollte es zu einem weiteren Film kommen, m\u00fcsste daher noch deutlich mehr Arbeit investiert werden. In der Form reicht das nicht einmal f\u00fcr Mittelma\u00df.<\/p>\n<p><b>Credits<\/b><\/p>\n<p><strong>OT:<\/strong>\u00a0\u201eHagen Benz: Das B\u00f6se in Dir\u201c<br \/><strong>Land:<\/strong>\u00a0Deutschland<br \/><strong>Jahr:<\/strong>\u00a02025<br \/><strong>Regie:<\/strong>\u00a0Christine Hartmann<br \/><strong>Drehbuch:<\/strong>\u00a0Christine Hartmann, Eckhard Vollmar<br \/><strong>Musik:<\/strong> Fabian R\u00f6mer<br \/><strong>Kamera:<\/strong> Peter Nix<br \/><strong>Besetzung:<\/strong> Heiner Lauterbach, <a href=\"https:\/\/www.film-rezensionen.de\/2020\/03\/julia-koschitz\/\" target=\"_blank\" rel=\"noopener\">Julia Koschitz<\/a>, Uwe Preu\u00df, Paul Boche, Stella Sp\u00f6rrle, Christian Kuchenbuch, Adriana Altaras, C\u00e9cile Gujer<\/p>\n<p><b>Kaufen \/ Streamen<\/b><\/p>\n<p>Bei diesen Links handelt es sich um sogenannte Affiliate-Links. Bei einem Kauf \u00fcber diesen Link erhalten wir eine Provision, ohne dass f\u00fcr euch Mehrkosten entstehen. Auf diese Weise k\u00f6nnt ihr unsere Seite unterst\u00fctzen.<\/p>\n","protected":false},"excerpt":{"rendered":"Inhalt \/ Kritik Als Kommissarin Elena Weber (Julia Koschitz) wegen des Funds einer Leiche ermittelt, bemerkt sie, dass&hellip;\n","protected":false},"author":2,"featured_media":561771,"comment_status":"","ping_status":"","sticky":false,"template":"","format":"standard","meta":{"footnotes":""},"categories":[1771],"tags":[1778,29,214,30,95,1472,1777,215],"class_list":{"0":"post-561770","1":"post","2":"type-post","3":"status-publish","4":"format-standard","5":"has-post-thumbnail","7":"category-kino","8":"tag-cinema","9":"tag-deutschland","10":"tag-entertainment","11":"tag-germany","12":"tag-kino","13":"tag-krimi","14":"tag-movie","15":"tag-unterhaltung"},"share_on_mastodon":{"url":"https:\/\/pubeurope.com\/@de\/115517224982483051","error":""},"_links":{"self":[{"href":"https:\/\/www.europesays.com\/de\/wp-json\/wp\/v2\/posts\/561770","targetHints":{"allow":["GET"]}}],"collection":[{"href":"https:\/\/www.europesays.com\/de\/wp-json\/wp\/v2\/posts"}],"about":[{"href":"https:\/\/www.europesays.com\/de\/wp-json\/wp\/v2\/types\/post"}],"author":[{"embeddable":true,"href":"https:\/\/www.europesays.com\/de\/wp-json\/wp\/v2\/users\/2"}],"replies":[{"embeddable":true,"href":"https:\/\/www.europesays.com\/de\/wp-json\/wp\/v2\/comments?post=561770"}],"version-history":[{"count":0,"href":"https:\/\/www.europesays.com\/de\/wp-json\/wp\/v2\/posts\/561770\/revisions"}],"wp:featuredmedia":[{"embeddable":true,"href":"https:\/\/www.europesays.com\/de\/wp-json\/wp\/v2\/media\/561771"}],"wp:attachment":[{"href":"https:\/\/www.europesays.com\/de\/wp-json\/wp\/v2\/media?parent=561770"}],"wp:term":[{"taxonomy":"category","embeddable":true,"href":"https:\/\/www.europesays.com\/de\/wp-json\/wp\/v2\/categories?post=561770"},{"taxonomy":"post_tag","embeddable":true,"href":"https:\/\/www.europesays.com\/de\/wp-json\/wp\/v2\/tags?post=561770"}],"curies":[{"name":"wp","href":"https:\/\/api.w.org\/{rel}","templated":true}]}}