{"id":562100,"date":"2025-11-09T05:10:57","date_gmt":"2025-11-09T05:10:57","guid":{"rendered":"https:\/\/www.europesays.com\/de\/562100\/"},"modified":"2025-11-09T05:10:57","modified_gmt":"2025-11-09T05:10:57","slug":"das-wetter-in-wuppertal-zumeist-niederschlagsfrei-4","status":"publish","type":"post","link":"https:\/\/www.europesays.com\/de\/562100\/","title":{"rendered":"Das Wetter in Wuppertal: Zumeist niederschlagsfrei"},"content":{"rendered":"<p> <img width=\"1024\" height=\"800\" alt=\"\" decoding=\"async\" fetchpriority=\"high\"  src=\"https:\/\/www.europesays.com\/de\/wp-content\/uploads\/2025\/04\/Very-cloudy-2.webp.webp\" data- class=\"attachment-hive-single-image size-hive-single-image wp-post-image lazyload\"\/><\/p>\n<p> In der zweiten Tagesh\u00e4lfte wird es bei trockenem Wetter stark bew\u00f6lkt. Das Thermometer klettert auf 11\u00b0C. Die Wahrscheinlichkeit f\u00fcr Regen betr\u00e4gt nur 9%, es ist also sehr wahrscheinlich trocken. In der Nacht wird es weiter fast bedeckt und trocken. Der Tiefstwert erreicht 9\u00b0C. Der Wind ist eine leichte Brise aus S\u00fcd mit schwachen B\u00f6en.<\/p>\n<p>Der heutige Tag im Detail<\/p>\n<p> Am Nachmittag bei trockenem Wetter stark bew\u00f6lkt. Der Wind ist eine leichte Brise aus S\u00fcdost mit schwachen B\u00f6en. <b>Feierabendtemperaturen<\/b> um 17 Uhr: Die Temperaturen steigen auf Werte von 8\u00b0C in Remscheid-Lennep bis 10\u00b0C in Sprockhoevel-Hassl..<\/p>\n<p> In der Nacht bleibt es weiter fast bedeckt und wird trocken. Die Temperaturen sinken auf Werte von 8\u00b0C in Remscheid-Lennep bis 9\u00b0C in Wuppertal-Barmen. Dabei weht eine leichte Brise aus S\u00fcd mit schwachen B\u00f6en.<\/p>\n<p>Das Wetter morgen<\/p>\n<p> Am Sonntag wird es bei leichtem Regen bedeckt. Die Temperaturen klettern auf Werte von 9\u00b0C in Remscheid-Lennep bis 12\u00b0C in Gronau West. Dabei weht eine leichte Brise aus S\u00fcd mit schwachen B\u00f6en.<\/p>\n<p> In der Nacht zum Montag wird es stark bew\u00f6lkt und es ist trockenes Wetter zu erwarten. Der Tiefstwert erreicht 6\u00b0C. Dabei weht eine leichte Brise aus S\u00fcd mit schwachen B\u00f6en.<\/p>\n<p>Die weiteren Aussichten<\/p>\n<p> Am Montag wird es stark bew\u00f6lkt und es ist mit trockenem Wetter zu rechnen, in der Nacht wird es fast bedeckt und regnet vereinzelt m\u00e4\u00dfig. Der H\u00f6chstwert wird bei 10\u00b0C liegen. Dabei weht ein leichter bis schwacher S\u00fcdostwind mit frischen B\u00f6en.<\/p>\n<p> Am Dienstag wird es fast bedeckt und regnet vereinzelt leicht, in der Nacht wird es stark bew\u00f6lkt und es ist trockenes Wetter zu erwarten. Das Thermometer steigt auf bis zu 10\u00b0C. Dabei weht ein leichter bis schwacher S\u00fcdostwind mit frischen B\u00f6en.<\/p>\n<p>Das Wetter in den vergangenden Jahren in Wuppertal<\/p>\n<p> Im Durchschnitt der vergangenen 20 Jahre stand das Thermometer am Durchschnitt aller dieser Tage bei 11 Grad. Am 09. November vor einem Jahr lag die Tagestemperatur bei 9\u00b0C und vor 5 Jahren bei 18\u00b0C. An diesem Tag vor einem Jahr gab es keinen Niederschlag.Vor genau 5 Jahren wurde kein Niederschlag aufgezeichnet.In den vorherigen 20 Jahren lag die Niederschlagsmenge am 08. November bei 3 mm.<\/p>\n<p> (Wetterdaten: DWD, Analyse: <a href=\"https:\/\/www.digitaldaily.de\/\" rel=\"nofollow noopener\" target=\"_blank\">digitaldaily.de<\/a>)<\/p>\n<p>M\u00f6chten Sie immer die aktuellen Nachrichten aus Ihrer Region bekommen? Dann besuchen Sie das lokale Nachrichtenportal <a href=\"https:\/\/digitaldaily.de\/\" rel=\"nofollow noopener\" target=\"_blank\">Digitaldaily.de<\/a><\/p>\n","protected":false},"excerpt":{"rendered":"In der zweiten Tagesh\u00e4lfte wird es bei trockenem Wetter stark bew\u00f6lkt. Das Thermometer klettert auf 11\u00b0C. Die Wahrscheinlichkeit&hellip;\n","protected":false},"author":2,"featured_media":562101,"comment_status":"","ping_status":"","sticky":false,"template":"","format":"standard","meta":{"footnotes":""},"categories":[1840],"tags":[3364,29,30,1209,4418],"class_list":{"0":"post-562100","1":"post","2":"type-post","3":"status-publish","4":"format-standard","5":"has-post-thumbnail","7":"category-wuppertal","8":"tag-de","9":"tag-deutschland","10":"tag-germany","11":"tag-nordrhein-westfalen","12":"tag-wuppertal"},"share_on_mastodon":{"url":"https:\/\/pubeurope.com\/@de\/115518025495790564","error":""},"_links":{"self":[{"href":"https:\/\/www.europesays.com\/de\/wp-json\/wp\/v2\/posts\/562100","targetHints":{"allow":["GET"]}}],"collection":[{"href":"https:\/\/www.europesays.com\/de\/wp-json\/wp\/v2\/posts"}],"about":[{"href":"https:\/\/www.europesays.com\/de\/wp-json\/wp\/v2\/types\/post"}],"author":[{"embeddable":true,"href":"https:\/\/www.europesays.com\/de\/wp-json\/wp\/v2\/users\/2"}],"replies":[{"embeddable":true,"href":"https:\/\/www.europesays.com\/de\/wp-json\/wp\/v2\/comments?post=562100"}],"version-history":[{"count":0,"href":"https:\/\/www.europesays.com\/de\/wp-json\/wp\/v2\/posts\/562100\/revisions"}],"wp:featuredmedia":[{"embeddable":true,"href":"https:\/\/www.europesays.com\/de\/wp-json\/wp\/v2\/media\/562101"}],"wp:attachment":[{"href":"https:\/\/www.europesays.com\/de\/wp-json\/wp\/v2\/media?parent=562100"}],"wp:term":[{"taxonomy":"category","embeddable":true,"href":"https:\/\/www.europesays.com\/de\/wp-json\/wp\/v2\/categories?post=562100"},{"taxonomy":"post_tag","embeddable":true,"href":"https:\/\/www.europesays.com\/de\/wp-json\/wp\/v2\/tags?post=562100"}],"curies":[{"name":"wp","href":"https:\/\/api.w.org\/{rel}","templated":true}]}}