{"id":562110,"date":"2025-11-09T05:19:32","date_gmt":"2025-11-09T05:19:32","guid":{"rendered":"https:\/\/www.europesays.com\/de\/562110\/"},"modified":"2025-11-09T05:19:32","modified_gmt":"2025-11-09T05:19:32","slug":"koenitz-porzellan-aus-ostthueringen-ist-insolvent","status":"publish","type":"post","link":"https:\/\/www.europesays.com\/de\/562110\/","title":{"rendered":"K\u00f6nitz Porzellan aus Ostth\u00fcringen ist insolvent"},"content":{"rendered":"<p>Betrieb bei K\u00f6nitz Porzellan soll normal weiterlaufen<\/p>\n<p class=\"text\">\nDas Unternehmen habe in der Folge Insolvenz beantragt, um einen Abfluss des Geldes ins Ausland zu verhindern, sagte Rosenthal. Man gehe davon aus, das Verfahren in der zweiten Instanz zu gewinnen. Das Unternehmen arbeite normal weiter. Die Mitarbeiter h\u00e4tten drei Monate lang Insolvenzgeld von der Bundesagentur f\u00fcr Arbeit bekommen &#8211; das Geld werde man zur\u00fcckzahlen.\n<\/p>\n<p class=\"text\">\nNat\u00fcrlich dr\u00fccke das Verfahren auf die Stimmung im Unternehmen, sagte der Gesch\u00e4ftsf\u00fchrer. Auch bei Lieferanten gebe es Unsicherheit &#8211; manche liefern nur noch gegen Vorkasse. Das Gesch\u00e4ftsmodell des Unternehmens sei absolut tragf\u00e4hig, zuletzt lag der Umsatz bei knapp unter zehn Millionen Euro pro Jahr. Das Unternehmen hat rund 100 Mitarbeiter.\n<\/p>\n<p>Tassen aus Th\u00fcringen in alle Welt<\/p>\n<p class=\"text\">\nDer Porzellanhersteller aus Ostth\u00fcringen liefert bedruckte Tassen in alle Welt und produziert auch Geschenkartikel f\u00fcr weltbekannte <a href=\"https:\/\/www.mdr.de\/nachrichten\/deutschland\/panorama\/museum-louvre-diebstahl-sicherheit-kultur-news-102.html\" title=\"Einbruch im Louvre: Experte sieht keine absolute Sicherheit f\u00fcr Museen\" target=\"_blank\" rel=\"noopener\">Museen wie den Louvre in Paris<\/a>. Die Folien f\u00fcr die individuellen Aufdrucke stellt eine hauseigene Druckerei her.\n<\/p>\n<p class=\"text\">\nBis zu 300.000 Tassen k\u00f6nnen pro Monat hergestellt werden. Nach eigener Aussage ist die Qualit\u00e4t der Ware so gut, dass in vielen F\u00e4llen deutlich g\u00fcnstigere Konkurrenz aus China ausgestochen wird.<\/p>\n","protected":false},"excerpt":{"rendered":"Betrieb bei K\u00f6nitz Porzellan soll normal weiterlaufen Das Unternehmen habe in der Folge Insolvenz beantragt, um einen Abfluss&hellip;\n","protected":false},"author":2,"featured_media":562111,"comment_status":"","ping_status":"","sticky":false,"template":"","format":"standard","meta":{"footnotes":""},"categories":[3974],"tags":[331,332,548,663,3934,3980,156,13,53792,135801,81,14,15,100630,12,861,135800],"class_list":{"0":"post-562110","1":"post","2":"type-post","3":"status-publish","4":"format-standard","5":"has-post-thumbnail","7":"category-frankreich","8":"tag-aktuelle-nachrichten","9":"tag-aktuelle-news","10":"tag-eu","11":"tag-europa","12":"tag-europe","13":"tag-france","14":"tag-frankreich","15":"tag-headlines","16":"tag-insolvent","17":"tag-koenitz","18":"tag-mdr","19":"tag-nachrichten","20":"tag-news","21":"tag-porzellan","22":"tag-schlagzeilen","23":"tag-thueringen","24":"tag-unterwellenborn"},"share_on_mastodon":{"url":"https:\/\/pubeurope.com\/@de\/115518057047775391","error":""},"_links":{"self":[{"href":"https:\/\/www.europesays.com\/de\/wp-json\/wp\/v2\/posts\/562110","targetHints":{"allow":["GET"]}}],"collection":[{"href":"https:\/\/www.europesays.com\/de\/wp-json\/wp\/v2\/posts"}],"about":[{"href":"https:\/\/www.europesays.com\/de\/wp-json\/wp\/v2\/types\/post"}],"author":[{"embeddable":true,"href":"https:\/\/www.europesays.com\/de\/wp-json\/wp\/v2\/users\/2"}],"replies":[{"embeddable":true,"href":"https:\/\/www.europesays.com\/de\/wp-json\/wp\/v2\/comments?post=562110"}],"version-history":[{"count":0,"href":"https:\/\/www.europesays.com\/de\/wp-json\/wp\/v2\/posts\/562110\/revisions"}],"wp:featuredmedia":[{"embeddable":true,"href":"https:\/\/www.europesays.com\/de\/wp-json\/wp\/v2\/media\/562111"}],"wp:attachment":[{"href":"https:\/\/www.europesays.com\/de\/wp-json\/wp\/v2\/media?parent=562110"}],"wp:term":[{"taxonomy":"category","embeddable":true,"href":"https:\/\/www.europesays.com\/de\/wp-json\/wp\/v2\/categories?post=562110"},{"taxonomy":"post_tag","embeddable":true,"href":"https:\/\/www.europesays.com\/de\/wp-json\/wp\/v2\/tags?post=562110"}],"curies":[{"name":"wp","href":"https:\/\/api.w.org\/{rel}","templated":true}]}}