{"id":562241,"date":"2025-11-09T06:41:11","date_gmt":"2025-11-09T06:41:11","guid":{"rendered":"https:\/\/www.europesays.com\/de\/562241\/"},"modified":"2025-11-09T06:41:11","modified_gmt":"2025-11-09T06:41:11","slug":"remscheid-historisches-gaststaettenfoto-das-verbinden-unsere-leser-mit-dem-lokal-an-der-hindenburgstrasse","status":"publish","type":"post","link":"https:\/\/www.europesays.com\/de\/562241\/","title":{"rendered":"Remscheid: Historisches Gastst\u00e4ttenfoto: Das verbinden unsere Leser mit dem Lokal an der Hindenburgstra\u00dfe"},"content":{"rendered":"<p class=\"Textstyled__Text-sc-1cqv9mi-0 cLyiiX\">Remscheid . Unser historisches Gastst\u00e4ttenfoto von voriger Woche, das uns das Stadtarchiv zur Verf\u00fcgung stellte, haben einige Leserinnen und Leser erkannt. Und uns ihre ganz pers\u00f6nlichen Erinnerungen dazu aufgeschrieben, wor\u00fcber wir uns freuen. <\/p>\n<p>Weiterlesen nach der Anzeige<\/p>\n<p>Weiterlesen nach der Anzeige<\/p>\n<p class=\"Textstyled__Text-sc-1cqv9mi-0 cLyiiX\"><b>Heinz-J\u00fcrgen Schmitz<\/b> wei\u00df sogar ganz genau, zu welchem Anlass das Foto aufgenommen wurde: \u201eDie Aufnahme zeigt die Innenansicht des Restaurants anl\u00e4sslich der Feier zur Einweihung der neuen Wirtschaftsr\u00e4ume mit Versammlungsraum.\u201c Der damalige Kreishandwerksmeister Hermann Kleinschmidt vom Heizungsbau in Hasten erinnerte in seiner Rede an Richard Epe, den Gro\u00dfvater von Helmut Epe, seinerzeit Vorsitzender des Mittelstandkartells, erz\u00e4hlt Schmitz. Diesem sei die Wiederherstellung des im Krieg teilweise zerst\u00f6rten Geb\u00e4udes zu verdanken. <\/p>\n<p class=\"Textstyled__Text-sc-1cqv9mi-0 cLyiiX\">Das Restaurant habe mehrfach den Besitzer gewechselt. \u201eZu meiner Jugendzeit wurde das Haus gerne von Nazis aufgesucht\u201c, erinnert er sich an dunkle Tage. <\/p>\n<p>Was heute hier untergebracht ist<\/p>\n<p class=\"Textstyled__Text-sc-1cqv9mi-0 cLyiiX\">Das Hintergeb\u00e4ude geh\u00f6rt heute der Firma Epe. \u201eFr\u00fcher war dort bis zum Umzug an den neuen Standort W\u00fcstenhagener Stra\u00dfe 41 der Malereinkauf untergebracht. Die Malerinnung, deren Mitglied ich ebenfalls bin, konnte im Juni 1982 unter dem damaligen Obermeister Helmut Epe Junior ihr 75-j\u00e4hriges Bestehen feiern\u201c, sagt Schmitz. \u201eDie Kreishandwerkerschaft war und bleibt eine S\u00e4ule der Stadt.\u201c <\/p>\n<p>Weiterlesen nach der Anzeige<\/p>\n<p>Weiterlesen nach der Anzeige<\/p>\n<p><img decoding=\"async\" alt=\"Das zeigten wir letzte Woche: die ehemalige Gastst\u00e4tte im Haus des Handwerks an der Hindenburgstra\u00dfe, aufgenommen in den 50er Jahren.\" loading=\"lazy\"  src=\"https:\/\/www.europesays.com\/de\/wp-content\/uploads\/2025\/11\/1762670471_4_YE2RXKR2L5CJ5BQZBSW5MH6WXQ.jpg\" \/><\/p>\n<p class=\"Textstyled__Text-sc-1cqv9mi-0 cLyiiX\">Die Hindenburgstra\u00dfe zeige noch heute ein sehr individuelles Gesicht. Moderne Wohnh\u00e4user und gepflegte Altbausubstanz wechselten sich ab. Ein Gl\u00fcck: Die Stra\u00dfe sei im Gro\u00dfen und Ganzen beim Bombenangriff verschont geblieben.<\/p>\n<p class=\"Textstyled__Text-sc-1cqv9mi-0 cLyiiX\"><b>Helmut Schucht <\/b>meint, hier waren fr\u00fcher die \u201eB\u00fcrgerstuben\u201c untergebracht. Es seien \u201eFeierlichkeiten f\u00fcr verschiedene Anl\u00e4sse durchgef\u00fchrt worden\u201c, schreibt er. <\/p>\n<p class=\"Textstyled__Text-sc-1cqv9mi-0 cLyiiX\"><b>Sabine Klett<\/b> hat nat\u00fcrlich ebenfalls richtig getippt. \u201eIch habe das ehemalige Haus des Handwerks in der Hindenburgstra\u00dfe anhand der Fester und Glasverzierungswappen erkannt.\u201c Im heutigen Lokal Agra habe ihr Sportverein RTBm Abteilung Leichtathletik, mal eine Weihnachtsfeier abgehalten. <\/p>\n<p>Weiterlesen nach der Anzeige<\/p>\n<p>Weiterlesen nach der Anzeige<\/p>\n<p class=\"Textstyled__Text-sc-1cqv9mi-0 cLyiiX\"><b>Michael Schier <\/b>findet es schade, dass es das Haus des Handwerks so nicht mehr gibt. \u201eIch erinnere mich daran, dass fr\u00fcher unten ein sogenanntes Balkanrestaurant drin war, in dem ich als Kind zusammen mit meiner Familie gern geschlemmt habe, zum Beispiel einen Grillteller.\u201c Aber im Agra k\u00f6nne man auch gut essen, findet er.<\/p>\n<p class=\"Textstyled__Text-sc-1cqv9mi-0 cLyiiX\"><b>Volker Hebda<\/b> erinnert sich an eine Anekdote beim Anblick unseres historischen Fotos: \u201eIch habe beim T\u00fcpitter mal einen Leuchtglobus gewonnen, und den bekam ich im Haus des Handwerks \u00fcberreicht.\u201c <\/p>\n<p class=\"Editorialstyled__Editorial-sc-1bfvh9l-0 cSmjnJ\">RGA<\/p>\n","protected":false},"excerpt":{"rendered":"Remscheid . Unser historisches Gastst\u00e4ttenfoto von voriger Woche, das uns das Stadtarchiv zur Verf\u00fcgung stellte, haben einige Leserinnen&hellip;\n","protected":false},"author":2,"featured_media":562242,"comment_status":"","ping_status":"","sticky":false,"template":"","format":"standard","meta":{"footnotes":""},"categories":[1840],"tags":[3364,29,30,1209,4418],"class_list":{"0":"post-562241","1":"post","2":"type-post","3":"status-publish","4":"format-standard","5":"has-post-thumbnail","7":"category-wuppertal","8":"tag-de","9":"tag-deutschland","10":"tag-germany","11":"tag-nordrhein-westfalen","12":"tag-wuppertal"},"share_on_mastodon":{"url":"https:\/\/pubeurope.com\/@de\/115518379976511351","error":""},"_links":{"self":[{"href":"https:\/\/www.europesays.com\/de\/wp-json\/wp\/v2\/posts\/562241","targetHints":{"allow":["GET"]}}],"collection":[{"href":"https:\/\/www.europesays.com\/de\/wp-json\/wp\/v2\/posts"}],"about":[{"href":"https:\/\/www.europesays.com\/de\/wp-json\/wp\/v2\/types\/post"}],"author":[{"embeddable":true,"href":"https:\/\/www.europesays.com\/de\/wp-json\/wp\/v2\/users\/2"}],"replies":[{"embeddable":true,"href":"https:\/\/www.europesays.com\/de\/wp-json\/wp\/v2\/comments?post=562241"}],"version-history":[{"count":0,"href":"https:\/\/www.europesays.com\/de\/wp-json\/wp\/v2\/posts\/562241\/revisions"}],"wp:featuredmedia":[{"embeddable":true,"href":"https:\/\/www.europesays.com\/de\/wp-json\/wp\/v2\/media\/562242"}],"wp:attachment":[{"href":"https:\/\/www.europesays.com\/de\/wp-json\/wp\/v2\/media?parent=562241"}],"wp:term":[{"taxonomy":"category","embeddable":true,"href":"https:\/\/www.europesays.com\/de\/wp-json\/wp\/v2\/categories?post=562241"},{"taxonomy":"post_tag","embeddable":true,"href":"https:\/\/www.europesays.com\/de\/wp-json\/wp\/v2\/tags?post=562241"}],"curies":[{"name":"wp","href":"https:\/\/api.w.org\/{rel}","templated":true}]}}