{"id":562259,"date":"2025-11-09T06:54:21","date_gmt":"2025-11-09T06:54:21","guid":{"rendered":"https:\/\/www.europesays.com\/de\/562259\/"},"modified":"2025-11-09T06:54:21","modified_gmt":"2025-11-09T06:54:21","slug":"dramatische-szenen-auf-teneriffa-riesige-wellen-toeten-mehrere-menschen","status":"publish","type":"post","link":"https:\/\/www.europesays.com\/de\/562259\/","title":{"rendered":"Dramatische Szenen auf Teneriffa: Riesige Wellen t\u00f6ten mehrere Menschen"},"content":{"rendered":"<p>                    Dramatische Szenen auf Teneriffa<br \/>\n                Riesige Wellen t\u00f6ten mehrere Menschen<\/p>\n<p>\t\t\t\t              09.11.2025, 01:20 Uhr<\/p>\n<p>\t\t\t\t\t       Artikel anh\u00f6ren<\/p>\n<p>\t\t\t\t\t\t\tDiese Audioversion wurde k\u00fcnstlich generiert. <a href=\"https:\/\/www.n-tv.de\/23249898\" target=\"_blank\" rel=\"noopener\">Mehr Infos<\/a><\/p>\n<p><strong>An gleich drei Stellen der beliebten Ferieninsel Teneriffa kommt es zu schlimmen Vorf\u00e4llen. Mehrere Menschen fallen gro\u00dfen Wellen zum Opfer. Zudem gibt es Verletzte. Beh\u00f6rden rufen dazu auf, Str\u00e4nde zu meiden. <\/strong><\/p>\n<p>Auf der spanischen Ferieninsel Teneriffa sind drei Menschen bei durch starken Wellengang verursachten Ungl\u00fccken ums Leben gekommen. Die Vorf\u00e4lle ereigneten sich nach Angaben der Rettungskr\u00e4fte an drei unterschiedlichen Orten. <\/p>\n<p>In El Cabezo im S\u00fcden der Insel bargen die Rettungskr\u00e4fte einen Mann aus dem Wasser, der an Land f\u00fcr tot erkl\u00e4rt wurde. Im n\u00f6rdlichen Ort La Guancha wurde ein Mann per Hubschrauber aus dem Meer geborgen und ebenfalls an Land f\u00fcr tot erkl\u00e4rt.<\/p>\n<p>In der Stadt Puerto de la Cruz im Norden der Insel wurden zehn Menschen, die von einer Welle ins Meer gerissen worden waren, von der Polizei und Passanten geborgen. Eine Frau aus der Gruppe erlitt jedoch einen Herzstillstand und konnte nicht wiederbelebt werden. Drei weitere Menschen aus der Gruppe wurden schwer verletzt ins Krankenhaus eingeliefert. Die \u00fcbrigen erlitten leichtere Verletzungen.<\/p>\n<p>Auf den kanarischen Inseln galt eine Unwetterwarnung f\u00fcr die K\u00fcstengebiete. Die Beh\u00f6rden riefen die Menschen dazu auf, Uferwege und Str\u00e4nde zu meiden.<\/p>\n<p>Uferpromenden werden zur Gefahr<\/p>\n<p>Teneriffa geh\u00f6rt zur spanischen Inselgruppe der Kanaren, die vor der Westk\u00fcste Nordafrikas im offenen Atlantik liegt. Besonders im Herbst und Winter werden vor allem die West- und Nordk\u00fcsten der Inseln oft von sehr gro\u00dfen Wellen getroffen, die durch St\u00fcrme weit drau\u00dfen im Atlantik entstehen. <\/p>\n<p>Diese gro\u00dfen und sehr energiereichen Wellen brechen in dem tiefen Meer rund um die Inseln erst ganz kurz vor der K\u00fcste und treffen fast ungebremst auf Land. Die Folgen k\u00f6nnen f\u00fcr Menschen, die sich gerade auf Uferpromenaden oder einer Hafenmole aufhalten, verheerend sein. <\/p>\n<p>Der staatliche Wetterdienst Aemet ver\u00f6ffentlicht regelm\u00e4\u00dfig Warnungen vor solchen Wellen &#8211; Oleaje auf Spanisch. Sie k\u00f6nnen aber auch als starke D\u00fcnung sehr pl\u00f6tzlich ohne Vorwarnung auftreten.<\/p>\n","protected":false},"excerpt":{"rendered":"Dramatische Szenen auf Teneriffa Riesige Wellen t\u00f6ten mehrere Menschen 09.11.2025, 01:20 Uhr Artikel anh\u00f6ren Diese Audioversion wurde k\u00fcnstlich&hellip;\n","protected":false},"author":2,"featured_media":562260,"comment_status":"","ping_status":"","sticky":false,"template":"","format":"standard","meta":{"footnotes":""},"categories":[5],"tags":[331,332,3364,29,30,13,984,16053,14,15,12,4026,13536],"class_list":{"0":"post-562259","1":"post","2":"type-post","3":"status-publish","4":"format-standard","5":"has-post-thumbnail","7":"category-nachrichten","8":"tag-aktuelle-nachrichten","9":"tag-aktuelle-news","10":"tag-de","11":"tag-deutschland","12":"tag-germany","13":"tag-headlines","14":"tag-international","15":"tag-kanarische-inseln","16":"tag-nachrichten","17":"tag-news","18":"tag-schlagzeilen","19":"tag-spanien","20":"tag-ungluecke"},"share_on_mastodon":{"url":"https:\/\/pubeurope.com\/@de\/115518430643201282","error":""},"_links":{"self":[{"href":"https:\/\/www.europesays.com\/de\/wp-json\/wp\/v2\/posts\/562259","targetHints":{"allow":["GET"]}}],"collection":[{"href":"https:\/\/www.europesays.com\/de\/wp-json\/wp\/v2\/posts"}],"about":[{"href":"https:\/\/www.europesays.com\/de\/wp-json\/wp\/v2\/types\/post"}],"author":[{"embeddable":true,"href":"https:\/\/www.europesays.com\/de\/wp-json\/wp\/v2\/users\/2"}],"replies":[{"embeddable":true,"href":"https:\/\/www.europesays.com\/de\/wp-json\/wp\/v2\/comments?post=562259"}],"version-history":[{"count":0,"href":"https:\/\/www.europesays.com\/de\/wp-json\/wp\/v2\/posts\/562259\/revisions"}],"wp:featuredmedia":[{"embeddable":true,"href":"https:\/\/www.europesays.com\/de\/wp-json\/wp\/v2\/media\/562260"}],"wp:attachment":[{"href":"https:\/\/www.europesays.com\/de\/wp-json\/wp\/v2\/media?parent=562259"}],"wp:term":[{"taxonomy":"category","embeddable":true,"href":"https:\/\/www.europesays.com\/de\/wp-json\/wp\/v2\/categories?post=562259"},{"taxonomy":"post_tag","embeddable":true,"href":"https:\/\/www.europesays.com\/de\/wp-json\/wp\/v2\/tags?post=562259"}],"curies":[{"name":"wp","href":"https:\/\/api.w.org\/{rel}","templated":true}]}}