{"id":562407,"date":"2025-11-09T08:22:33","date_gmt":"2025-11-09T08:22:33","guid":{"rendered":"https:\/\/www.europesays.com\/de\/562407\/"},"modified":"2025-11-09T08:22:33","modified_gmt":"2025-11-09T08:22:33","slug":"enni-plant-zweite-grossbatterie-bis-2027","status":"publish","type":"post","link":"https:\/\/www.europesays.com\/de\/562407\/","title":{"rendered":"Enni plant zweite Gro\u00dfbatterie bis 2027"},"content":{"rendered":"<p class=\"text_ohne_einzug richtext text-em-55 !leading-serif mx-6 desktop:mx-0\">  Der Weg zur Klimaneutralit\u00e4t ist politisch geebnet. Energiespeicher sind dabei wichtige Eckpfeiler der <a href=\"https:\/\/rp-online.de\/thema\/energiewende\/\" rel=\"nofollow noopener\" target=\"_blank\">Energiewende<\/a>. Sie sollen helfen, die Netze zu stabilisieren und Energie zu sichern, wenn Sonne scheint und Wind weht. Damit die Energiewende auch am <a href=\"https:\/\/rp-online.de\/thema\/niederrhein\/\" rel=\"nofollow noopener\" target=\"_blank\">Niederrhein<\/a> gelingt, will der Moerser Energieversorger Enni Energie &amp; Umwelt Niederrhein (Enni) an dieser Stelle \u2013 wie schon bei gro\u00dfen Solar- und Windprojekten \u2013 erneut eine Vorreiterrolle einnehmen. Gesch\u00e4ftsf\u00fchrer Stefan Kr\u00e4mer sieht seinen Aufsichtsrat hinter seiner Strategie.<\/p>\n","protected":false},"excerpt":{"rendered":"Der Weg zur Klimaneutralit\u00e4t ist politisch geebnet. Energiespeicher sind dabei wichtige Eckpfeiler der Energiewende. Sie sollen helfen, die&hellip;\n","protected":false},"author":2,"featured_media":562408,"comment_status":"","ping_status":"","sticky":false,"template":"","format":"standard","meta":{"footnotes":"","_share_on_mastodon":"0"},"categories":[1838],"tags":[3807,6399,3364,29,3715,1149,30318,37263,5931,1520,41307,26801,30,24417,3716,1209,20093,8726,101022,60679],"class_list":["post-562407","post","type-post","status-publish","format-standard","has-post-thumbnail","category-duisburg","tag-moers","tag-bau","tag-de","tag-deutschland","tag-duisburg","tag-energie","tag-energiebedarf","tag-energiespeicher","tag-energieversorger","tag-energiewende","tag-energiezukunft","tag-enni","tag-germany","tag-neukirchen","tag-niederrhein","tag-nordrhein-westfalen","tag-solar","tag-solarparks","tag-stefan-kraemer","tag-vluyn"],"share_on_mastodon":{"url":"https:\/\/pubeurope.com\/@de\/115518776612506767","error":""},"_links":{"self":[{"href":"https:\/\/www.europesays.com\/de\/wp-json\/wp\/v2\/posts\/562407","targetHints":{"allow":["GET"]}}],"collection":[{"href":"https:\/\/www.europesays.com\/de\/wp-json\/wp\/v2\/posts"}],"about":[{"href":"https:\/\/www.europesays.com\/de\/wp-json\/wp\/v2\/types\/post"}],"author":[{"embeddable":true,"href":"https:\/\/www.europesays.com\/de\/wp-json\/wp\/v2\/users\/2"}],"replies":[{"embeddable":true,"href":"https:\/\/www.europesays.com\/de\/wp-json\/wp\/v2\/comments?post=562407"}],"version-history":[{"count":0,"href":"https:\/\/www.europesays.com\/de\/wp-json\/wp\/v2\/posts\/562407\/revisions"}],"wp:featuredmedia":[{"embeddable":true,"href":"https:\/\/www.europesays.com\/de\/wp-json\/wp\/v2\/media\/562408"}],"wp:attachment":[{"href":"https:\/\/www.europesays.com\/de\/wp-json\/wp\/v2\/media?parent=562407"}],"wp:term":[{"taxonomy":"category","embeddable":true,"href":"https:\/\/www.europesays.com\/de\/wp-json\/wp\/v2\/categories?post=562407"},{"taxonomy":"post_tag","embeddable":true,"href":"https:\/\/www.europesays.com\/de\/wp-json\/wp\/v2\/tags?post=562407"}],"curies":[{"name":"wp","href":"https:\/\/api.w.org\/{rel}","templated":true}]}}