{"id":562514,"date":"2025-11-09T09:25:34","date_gmt":"2025-11-09T09:25:34","guid":{"rendered":"https:\/\/www.europesays.com\/de\/562514\/"},"modified":"2025-11-09T09:25:34","modified_gmt":"2025-11-09T09:25:34","slug":"dieses-verler-gebaeude-ist-jetzt-offiziell-ein-denkmal","status":"publish","type":"post","link":"https:\/\/www.europesays.com\/de\/562514\/","title":{"rendered":"Dieses Verler Geb\u00e4ude ist jetzt offiziell ein Denkmal"},"content":{"rendered":"<p>Ein jeder, der durch Verl f\u00e4hrt, wird es kennen: Das Wohnhaus an der G\u00fctersloher Stra\u00dfe 41. Jetzt ist es offiziell ein Denkmal.<\/p>\n<p>Verl (gl) &#8211; Verl ist um ein Denkmal reicher: Mit einer feierlichen Urkunden\u00fcbergabe ist das Aufmerksamkeit erregende Haus an der G\u00fctersloher Stra\u00dfe jetzt mit einer Denkmalplakette geschm\u00fcckt worden.<\/p>\n<p class=\"contextmenu caption\">Urkunde und Plakette<\/p>\n<p>Es steht f\u00fcr ein St\u00fcck Verler Geschichte: Das 1926 errichtete Wohnhaus an der G\u00fctersloher Stra\u00dfe 41 ist nicht nur ein architektonisches Zeugnis, sondern auch ein Spiegel der Siedlungsgeschichte im ersten Drittel des 20. Jahrhunderts, teilt die Verler Stadtverwaltung jetzt mit. Und weiter: \u201eEs repr\u00e4sentiert den Wandel Verls vom l\u00e4ndlichen Dorf zu einer st\u00e4dtischen Gemeinde und veranschaulicht, wie sich Lebens- und Bauformen in dieser Zeit ver\u00e4ndert haben.\u201c Die Inhaberfamilie, die das Geb\u00e4ude seit Generationen liebevoll pflegt und instand h\u00e4lt, wurde f\u00fcr ihr Engagement jetzt mit der Denkmalurkunde und der Denkmalplakette des Landes NRW ausgezeichnet.<\/p>\n<p>Die Urkunde, unterzeichnet von Ministerpr\u00e4sident Hendrik W\u00fcst und Staatssekret\u00e4r Daniel Sieveke aus dem Landesministerium f\u00fcr Heimat, Kommunales, Bau und Digitalisierung, \u00fcberreichte B\u00fcrgermeister Robin Rieksneuw\u00f6hner (CDU). \u201eIndem Sie Ihr Haus so sorgf\u00e4ltig pflegen und daf\u00fcr sorgen, dass es als Denkmal gesch\u00fctzt wird, bewahren Sie ein besonderes St\u00fcck unserer Stadtgeschichte und tragen damit zum Erhalt des historischen Erbes unserer Stadt bei\u201c, bedankte sich Rieksneuw\u00f6hner bei Heike und Gerhard Meisner sowie Elisabeth He\u00dfbr\u00fcggen f\u00fcr ihr vorbildliches Engagement.<\/p>\n<p class=\"contextmenu caption\">Auszeichnung w\u00fcrdigt Engagement der Eigent\u00fcmer<\/p>\n<p>Auch Lena-Marie Koch, die als zust\u00e4ndige Sachbearbeiterin der Unteren Denkmalbeh\u00f6rde in der Verler Verwaltung den Prozess begleitet hat, freut sich \u00fcber die Auszeichnung und betont: \u201eDie Geschichte unserer Stadt zeigt sich besonders in ihren historischen Geb\u00e4uden. Die Auszeichnung als Denkmal w\u00fcrdigt das Engagement der Eigent\u00fcmerinnen und Eigent\u00fcmer beim Erhalt dieser wertvollen H\u00e4user und inspiriert vielleicht auch andere, selbst aktiv zu werden.\u201c<\/p>\n<p>Ansprechpartnerin f\u00fcr Fragen und Informationen rund um das Thema Denkmalschutz ist Lena-Marie Koch vom Fachbereich Bauaufsicht, Stadtentwicklung und Umwelt, 05246\/961293 oder lena-marie.koch@verl.de.<\/p>\n<p>Die Untere Denkmalbeh\u00f6rde der Stadt begleitet Eigent\u00fcmerinnen und Eigent\u00fcmer denkmalgesch\u00fctzter Geb\u00e4ude, Bildst\u00f6cke und Wegekreuze bei der Erhaltung und Pflege ihrer Denkm\u00e4ler. Zu den Aufgaben der Beh\u00f6rde geh\u00f6ren die fachliche Beratung, eine finanzielle Unterst\u00fctzung bei Instandhaltung und Sanierung sowie die Ausstellung von Bescheinigungen zur steuerlichen Geltendmachung von Aufwendungen.<\/p>\n<p>Texte und Fotos von die-glocke.de sind urheberrechtlich gesch\u00fctzt.<br \/>\n            Weiterverwendung nur mit Genehmigung der Chefredaktion.<\/p>\n","protected":false},"excerpt":{"rendered":"Ein jeder, der durch Verl f\u00e4hrt, wird es kennen: Das Wohnhaus an der G\u00fctersloher Stra\u00dfe 41. Jetzt ist&hellip;\n","protected":false},"author":2,"featured_media":562515,"comment_status":"","ping_status":"","sticky":false,"template":"","format":"standard","meta":{"footnotes":""},"categories":[1841],"tags":[1605,3364,11351,3536,29,30,135857,1209,3724],"class_list":{"0":"post-562514","1":"post","2":"type-post","3":"status-publish","4":"format-standard","5":"has-post-thumbnail","7":"category-bielefeld","8":"tag-bielefeld","9":"tag-de","10":"tag-denkmal","11":"tag-denkmalschutz","12":"tag-deutschland","13":"tag-germany","14":"tag-guetersloher-strasse","15":"tag-nordrhein-westfalen","16":"tag-verl"},"share_on_mastodon":{"url":"https:\/\/pubeurope.com\/@de\/115519024367042160","error":""},"_links":{"self":[{"href":"https:\/\/www.europesays.com\/de\/wp-json\/wp\/v2\/posts\/562514","targetHints":{"allow":["GET"]}}],"collection":[{"href":"https:\/\/www.europesays.com\/de\/wp-json\/wp\/v2\/posts"}],"about":[{"href":"https:\/\/www.europesays.com\/de\/wp-json\/wp\/v2\/types\/post"}],"author":[{"embeddable":true,"href":"https:\/\/www.europesays.com\/de\/wp-json\/wp\/v2\/users\/2"}],"replies":[{"embeddable":true,"href":"https:\/\/www.europesays.com\/de\/wp-json\/wp\/v2\/comments?post=562514"}],"version-history":[{"count":0,"href":"https:\/\/www.europesays.com\/de\/wp-json\/wp\/v2\/posts\/562514\/revisions"}],"wp:featuredmedia":[{"embeddable":true,"href":"https:\/\/www.europesays.com\/de\/wp-json\/wp\/v2\/media\/562515"}],"wp:attachment":[{"href":"https:\/\/www.europesays.com\/de\/wp-json\/wp\/v2\/media?parent=562514"}],"wp:term":[{"taxonomy":"category","embeddable":true,"href":"https:\/\/www.europesays.com\/de\/wp-json\/wp\/v2\/categories?post=562514"},{"taxonomy":"post_tag","embeddable":true,"href":"https:\/\/www.europesays.com\/de\/wp-json\/wp\/v2\/tags?post=562514"}],"curies":[{"name":"wp","href":"https:\/\/api.w.org\/{rel}","templated":true}]}}