{"id":562538,"date":"2025-11-09T09:41:12","date_gmt":"2025-11-09T09:41:12","guid":{"rendered":"https:\/\/www.europesays.com\/de\/562538\/"},"modified":"2025-11-09T09:41:12","modified_gmt":"2025-11-09T09:41:12","slug":"nach-unglueck-us-behoerde-verhaengt-flugverbot-fuer-md-11-maschinen","status":"publish","type":"post","link":"https:\/\/www.europesays.com\/de\/562538\/","title":{"rendered":"Nach Ungl\u00fcck &#8211; US-Beh\u00f6rde verh\u00e4ngt Flugverbot f\u00fcr MD-11-Maschinen"},"content":{"rendered":"<p>            <img loading=\"lazy\" decoding=\"async\" class=\"ts-image\" src=\"https:\/\/www.europesays.com\/de\/wp-content\/uploads\/2025\/11\/usa-frachtmaschine-mcdonnell-100.jpg\" alt=\"Eine Frachtmaschine vom Typ MD-11 steht an einem Airport\" title=\"Eine Frachtmaschine vom Typ MD-11 steht an einem Airport | AFP\"\/><\/p>\n<p class=\"metatextline\">Stand: 09.11.2025 10:04 Uhr<\/p>\n<p class=\"textabsatz columns twelve  m-ten  m-offset-one l-eight l-offset-two\">\n        <strong>Kurz nach dem Start verliert eine Maschine des Frachtunternehmens UPS ein Triebwerk und st\u00fcrzt ab. Nun haben die USA Konsequenzen gezogen, die Folgen f\u00fcr den weltweiten Transporter haben k\u00f6nnte.<\/strong>\n    <\/p>\n<p class=\"textabsatz m-ten m-offset-one l-eight l-offset-two columns twelve\">Die US-Luftfahrtbeh\u00f6rde FAA hat nach dem t\u00f6dlichen Absturz einer Frachtmaschine des Logistikunternehmens UPS ein vorl\u00e4ufiges Flugverbot f\u00fcr alle Flugzeuge des Ungl\u00fcckstyps McDonnell Douglas MD-11 erlassen. Die Anordnung gelte, bis alle Inspektionen abgeschlossen seien, teilte die Beh\u00f6rde mit. Zuvor hatten die Logistikkonzerne UPS und FedEx bereits mitgeteilt, ihre gesamte Flotte von mehr als 50 Frachtflugzeugen dieses Typs am Boden zu lassen.<\/p>\n<p class=\"textabsatz m-ten m-offset-one l-eight l-offset-two columns twelve\">Sie folgten damit einer Empfehlung des Flugzeugherstellers Boeing, zu dem McDonnell Douglas seit 1997 geh\u00f6rt. Boeing erkl\u00e4rte, es habe den Betreibern der MD-11-Frachtflieger empfohlen, die Verwendung der Flugzeuge einzustellen, w\u00e4hrend weitere technische Auswertungen stattfinden.<\/p>\n<p>    Videos zeigen Absturz und Feuerball<\/p>\n<p class=\"textabsatz m-ten m-offset-one l-eight l-offset-two columns twelve\">Die UPS-Frachtmaschine war am Dienstag in Louisville im US-Bundesstaat Kentucky abgest\u00fcrzt. Mindestens 14 Menschen kamen nach j\u00fcngsten Angaben ums Leben. Die 34 Jahre alte Maschine st\u00fcrzte aus einer H\u00f6he von etwa 30 Metern brennend ab und zerst\u00f6rte zwei Geb\u00e4ude. Auf Videos ist zu sehen, wie das Flugzeug in Gesch\u00e4fte st\u00fcrzt und in einem Feuerball explodiert.<\/p>\n<p class=\"textabsatz m-ten m-offset-one l-eight l-offset-two columns twelve\">W\u00e4hrend des Starts hatte sich nach ersten Erkenntnissen das linke Triebwerk mitsamt seiner Aufh\u00e4ngung vom Fl\u00fcgel gel\u00f6st. Die FAA will ausschlie\u00dfen, dass auch bei anderen Maschinen dieses Typs so etwas passieren kann.<\/p>\n<p>    Weitreichende Folgen im Warentransport?<\/p>\n<p class=\"textabsatz m-ten m-offset-one l-eight l-offset-two columns twelve\">UPS und FedEx sind die gr\u00f6\u00dften Frachtunternehmen der Welt. FedEx betreibt nach eigenen Angaben 28 MD-11-Flugzeuge, insgesamt umfasst die FedEx-Flotte 700 Maschinen. UPS hatte vor dem Absturz 27 MD-11 in seiner Flotte. Die Maschinen dieses Typs machten etwa neun Prozent der Flotte des Unternehmens aus, wie UPS mitteilte.<\/p>\n<p class=\"textabsatz m-ten m-offset-one l-eight l-offset-two columns twelve\">M\u00f6gliche Unterbrechungen im Transport k\u00f6nnten weitreichende Folgen haben, da FedEx und UPS \u00fcberaus wichtig f\u00fcr den weltweiten Transport von Waren f\u00fcr gro\u00dfe Einzelh\u00e4ndler wie Amazon, Walmart und Target sowie f\u00fcr viele Hersteller und Unternehmen sind. UPS ist zudem der f\u00fchrende Anbieter von Luftfrachtdiensten f\u00fcr die amerikanische Post. UPS versicherte, es gebe einen Notfallplan, um die Aufrechterhaltung der Lieferungen zu garantieren.<\/p>\n","protected":false},"excerpt":{"rendered":"Stand: 09.11.2025 10:04 Uhr Kurz nach dem Start verliert eine Maschine des Frachtunternehmens UPS ein Triebwerk und st\u00fcrzt&hellip;\n","protected":false},"author":2,"featured_media":562539,"comment_status":"","ping_status":"","sticky":false,"template":"","format":"standard","meta":{"footnotes":""},"categories":[5],"tags":[10075,331,332,3364,29,1744,109444,30,13,14,15,12,70013,64],"class_list":{"0":"post-562538","1":"post","2":"type-post","3":"status-publish","4":"format-standard","5":"has-post-thumbnail","7":"category-nachrichten","8":"tag-absturz","9":"tag-aktuelle-nachrichten","10":"tag-aktuelle-news","11":"tag-de","12":"tag-deutschland","13":"tag-faa","14":"tag-flugverbot","15":"tag-germany","16":"tag-headlines","17":"tag-nachrichten","18":"tag-news","19":"tag-schlagzeilen","20":"tag-ups","21":"tag-usa"},"share_on_mastodon":{"url":"https:\/\/pubeurope.com\/@de\/115519087240430487","error":""},"_links":{"self":[{"href":"https:\/\/www.europesays.com\/de\/wp-json\/wp\/v2\/posts\/562538","targetHints":{"allow":["GET"]}}],"collection":[{"href":"https:\/\/www.europesays.com\/de\/wp-json\/wp\/v2\/posts"}],"about":[{"href":"https:\/\/www.europesays.com\/de\/wp-json\/wp\/v2\/types\/post"}],"author":[{"embeddable":true,"href":"https:\/\/www.europesays.com\/de\/wp-json\/wp\/v2\/users\/2"}],"replies":[{"embeddable":true,"href":"https:\/\/www.europesays.com\/de\/wp-json\/wp\/v2\/comments?post=562538"}],"version-history":[{"count":0,"href":"https:\/\/www.europesays.com\/de\/wp-json\/wp\/v2\/posts\/562538\/revisions"}],"wp:featuredmedia":[{"embeddable":true,"href":"https:\/\/www.europesays.com\/de\/wp-json\/wp\/v2\/media\/562539"}],"wp:attachment":[{"href":"https:\/\/www.europesays.com\/de\/wp-json\/wp\/v2\/media?parent=562538"}],"wp:term":[{"taxonomy":"category","embeddable":true,"href":"https:\/\/www.europesays.com\/de\/wp-json\/wp\/v2\/categories?post=562538"},{"taxonomy":"post_tag","embeddable":true,"href":"https:\/\/www.europesays.com\/de\/wp-json\/wp\/v2\/tags?post=562538"}],"curies":[{"name":"wp","href":"https:\/\/api.w.org\/{rel}","templated":true}]}}