{"id":562681,"date":"2025-11-09T11:02:12","date_gmt":"2025-11-09T11:02:12","guid":{"rendered":"https:\/\/www.europesays.com\/de\/562681\/"},"modified":"2025-11-09T11:02:12","modified_gmt":"2025-11-09T11:02:12","slug":"drei-tote-durch-riesenwellen-auf-teneriffa","status":"publish","type":"post","link":"https:\/\/www.europesays.com\/de\/562681\/","title":{"rendered":"Drei Tote durch Riesenwellen auf Teneriffa"},"content":{"rendered":"<p>            <img loading=\"lazy\" decoding=\"async\" class=\"ts-image\" src=\"https:\/\/www.europesays.com\/de\/wp-content\/uploads\/2025\/11\/teneriffa-132.jpg\" alt=\"Einsatzkr\u00e4fte stehen beim Strand von Roque de Las Bodegas, Teneriffa.\" title=\"Einsatzkr\u00e4fte stehen beim Strand von Roque de Las Bodegas, Teneriffa. | dpa\"\/><\/p>\n<p class=\"metatextline\">Stand: 09.11.2025 11:02 Uhr<\/p>\n<p class=\"textabsatz columns twelve  m-ten  m-offset-one l-eight l-offset-two\">\n        <strong>Riesige Wellen haben die spanische Insel Teneriffa getroffen. Bei verschiedenen Ungl\u00fccken im Norden und S\u00fcden wurden mehrere Menschen ins Wasser gesp\u00fclt. Drei Personen starben, 15 weitere wurden verletzt. <\/strong>\n    <\/p>\n<p class=\"textabsatz m-ten m-offset-one l-eight l-offset-two columns twelve\">Auf der spanischen Urlaubsinsel Teneriffa hat es durch Riesenwellen drei Tote und mindestens 15 Verletzte gegeben. Besonders betroffen war der Ort Puerto de la Cruz an der Nordk\u00fcste der Insel im Atlantik. Dort wurden zehn Menschen durch die Wucht der auf Land treffenden Wassermassen ins Meer gerissen, best\u00e4tigte die Pressestelle der Regionalregierung auf Anfrage.\u00a0<\/p>\n<p class=\"textabsatz m-ten m-offset-one l-eight l-offset-two columns twelve\">Eine Frau habe einen Herzstillstand erlitten und sei trotz Wiederbelebungsversuchen von Sanit\u00e4tern vor Ort gestorben. Die anderen neun Menschen, darunter drei franz\u00f6sische Touristen, seien mit zum Teil schweren Verletzungen in ein Krankenhaus gebracht worden.\u00a0<\/p>\n<p class=\"textabsatz m-ten m-offset-one l-eight l-offset-two columns twelve\">18 Kilometer weiter westlich waren die Rettungskr\u00e4fte ebenfalls im Einsatz. Bei La Guancha wurde ein Mann von einem Rettungshubschrauber geborgen. Das medizinische Personal im Krankenhaus konnte ihn nicht mehr retten. Am Strand von El Cabezo im S\u00fcden der Insel zogen Rettungsschwimmer einen weiteren Mann aus dem Wasser. Auch er konnte nicht mehr wiederbelebt werden.<\/p>\n<p>    Riesenwellen durch St\u00fcrme im Atlantik<\/p>\n<p class=\"textabsatz m-ten m-offset-one l-eight l-offset-two columns twelve\">Teneriffa geh\u00f6rt zur spanischen Inselgruppe der Kanaren, die vor der Westk\u00fcste Nordafrikas im offenen Atlantik liegt. Besonders im Herbst und Winter werden vor allem die West- und Nordk\u00fcsten der Inseln oft von sehr gro\u00dfen Wellen getroffen, die durch St\u00fcrme weit drau\u00dfen im Atlantik entstehen.\u00a0<\/p>\n<p class=\"textabsatz m-ten m-offset-one l-eight l-offset-two columns twelve\">Diese gro\u00dfen und sehr energiereichen Wellen brechen in dem tiefen Meer rund um die Inseln erst ganz kurz vor der K\u00fcste und treffen fast ungebremst auf Land. Die Folgen k\u00f6nnen f\u00fcr Menschen, die sich gerade auf Uferpromenaden oder einer Hafenmole aufhalten, verheerend sein.\u00a0Der staatliche Wetterdienst Aemet ver\u00f6ffentlicht regelm\u00e4\u00dfig Warnungen vor solchen Wellen. Sie k\u00f6nnen aber auch als starke D\u00fcnung sehr pl\u00f6tzlich ohne Vorwarnung auftreten.<\/p>\n","protected":false},"excerpt":{"rendered":"Stand: 09.11.2025 11:02 Uhr Riesige Wellen haben die spanische Insel Teneriffa getroffen. Bei verschiedenen Ungl\u00fccken im Norden und&hellip;\n","protected":false},"author":2,"featured_media":562682,"comment_status":"","ping_status":"","sticky":false,"template":"","format":"standard","meta":{"footnotes":""},"categories":[5],"tags":[331,332,3364,29,30,13,14,15,12,13138],"class_list":{"0":"post-562681","1":"post","2":"type-post","3":"status-publish","4":"format-standard","5":"has-post-thumbnail","7":"category-nachrichten","8":"tag-aktuelle-nachrichten","9":"tag-aktuelle-news","10":"tag-de","11":"tag-deutschland","12":"tag-germany","13":"tag-headlines","14":"tag-nachrichten","15":"tag-news","16":"tag-schlagzeilen","17":"tag-teneriffa"},"share_on_mastodon":{"url":"https:\/\/pubeurope.com\/@de\/115519405750275728","error":""},"_links":{"self":[{"href":"https:\/\/www.europesays.com\/de\/wp-json\/wp\/v2\/posts\/562681","targetHints":{"allow":["GET"]}}],"collection":[{"href":"https:\/\/www.europesays.com\/de\/wp-json\/wp\/v2\/posts"}],"about":[{"href":"https:\/\/www.europesays.com\/de\/wp-json\/wp\/v2\/types\/post"}],"author":[{"embeddable":true,"href":"https:\/\/www.europesays.com\/de\/wp-json\/wp\/v2\/users\/2"}],"replies":[{"embeddable":true,"href":"https:\/\/www.europesays.com\/de\/wp-json\/wp\/v2\/comments?post=562681"}],"version-history":[{"count":0,"href":"https:\/\/www.europesays.com\/de\/wp-json\/wp\/v2\/posts\/562681\/revisions"}],"wp:featuredmedia":[{"embeddable":true,"href":"https:\/\/www.europesays.com\/de\/wp-json\/wp\/v2\/media\/562682"}],"wp:attachment":[{"href":"https:\/\/www.europesays.com\/de\/wp-json\/wp\/v2\/media?parent=562681"}],"wp:term":[{"taxonomy":"category","embeddable":true,"href":"https:\/\/www.europesays.com\/de\/wp-json\/wp\/v2\/categories?post=562681"},{"taxonomy":"post_tag","embeddable":true,"href":"https:\/\/www.europesays.com\/de\/wp-json\/wp\/v2\/tags?post=562681"}],"curies":[{"name":"wp","href":"https:\/\/api.w.org\/{rel}","templated":true}]}}