{"id":562692,"date":"2025-11-09T11:09:22","date_gmt":"2025-11-09T11:09:22","guid":{"rendered":"https:\/\/www.europesays.com\/de\/562692\/"},"modified":"2025-11-09T11:09:22","modified_gmt":"2025-11-09T11:09:22","slug":"umstrittene-elterntaxis-stadt-nuernberg-startet-neue-kampagne-zur-verkehrssicherheit-bayern","status":"publish","type":"post","link":"https:\/\/www.europesays.com\/de\/562692\/","title":{"rendered":"Umstrittene Elterntaxis: Stadt N\u00fcrnberg startet neue Kampagne zur Verkehrssicherheit &#8211; Bayern"},"content":{"rendered":"<p data-manual=\"paragraph\" data-schema-org-speakable=\"true\" class=\"css-9njfp7\">\u201eErste Drive-In-Schule in <a href=\"https:\/\/www.sueddeutsche.de\/thema\/N%C3%BCrnberg\" target=\"_blank\" rel=\"noopener\">N\u00fcrnberg<\/a> geplant\u201c \u2013 diese Meldung erschien am 1.\u202fApril 2016 in den N\u00fcrnberger Nachrichten. Hintergrund: Die Redaktion ver\u00f6ffentlichte mehrere Meldungen, um zu testen, welche der Verleger als Aprilscherz erkennen w\u00fcrde. Ausgerechnet die Meldung zur Drive-In-Schule blieb unerkannt \u2013 obwohl sie nat\u00fcrlich frei erfunden war. Aber was im ersten Moment kurios wirkt, weist auf ein ernstes Problem hin: Elterntaxis.<\/p>\n","protected":false},"excerpt":{"rendered":"\u201eErste Drive-In-Schule in N\u00fcrnberg geplant\u201c \u2013 diese Meldung erschien am 1.\u202fApril 2016 in den N\u00fcrnberger Nachrichten. Hintergrund: Die&hellip;\n","protected":false},"author":2,"featured_media":562693,"comment_status":"","ping_status":"","sticky":false,"template":"","format":"standard","meta":{"footnotes":""},"categories":[1837],"tags":[772,125344,3364,29,30,4156,3783,128252,149],"class_list":{"0":"post-562692","1":"post","2":"type-post","3":"status-publish","4":"format-standard","5":"has-post-thumbnail","7":"category-nuernberg","8":"tag-bayern","9":"tag-bildung-in-bayern","10":"tag-de","11":"tag-deutschland","12":"tag-germany","13":"tag-mittelfranken","14":"tag-nuernberg","15":"tag-schulen-in-bayern","16":"tag-sueddeutsche-zeitung"},"share_on_mastodon":{"url":"https:\/\/pubeurope.com\/@de\/115519433200420615","error":""},"_links":{"self":[{"href":"https:\/\/www.europesays.com\/de\/wp-json\/wp\/v2\/posts\/562692","targetHints":{"allow":["GET"]}}],"collection":[{"href":"https:\/\/www.europesays.com\/de\/wp-json\/wp\/v2\/posts"}],"about":[{"href":"https:\/\/www.europesays.com\/de\/wp-json\/wp\/v2\/types\/post"}],"author":[{"embeddable":true,"href":"https:\/\/www.europesays.com\/de\/wp-json\/wp\/v2\/users\/2"}],"replies":[{"embeddable":true,"href":"https:\/\/www.europesays.com\/de\/wp-json\/wp\/v2\/comments?post=562692"}],"version-history":[{"count":0,"href":"https:\/\/www.europesays.com\/de\/wp-json\/wp\/v2\/posts\/562692\/revisions"}],"wp:featuredmedia":[{"embeddable":true,"href":"https:\/\/www.europesays.com\/de\/wp-json\/wp\/v2\/media\/562693"}],"wp:attachment":[{"href":"https:\/\/www.europesays.com\/de\/wp-json\/wp\/v2\/media?parent=562692"}],"wp:term":[{"taxonomy":"category","embeddable":true,"href":"https:\/\/www.europesays.com\/de\/wp-json\/wp\/v2\/categories?post=562692"},{"taxonomy":"post_tag","embeddable":true,"href":"https:\/\/www.europesays.com\/de\/wp-json\/wp\/v2\/tags?post=562692"}],"curies":[{"name":"wp","href":"https:\/\/api.w.org\/{rel}","templated":true}]}}