{"id":563599,"date":"2025-11-09T19:50:19","date_gmt":"2025-11-09T19:50:19","guid":{"rendered":"https:\/\/www.europesays.com\/de\/563599\/"},"modified":"2025-11-09T19:50:19","modified_gmt":"2025-11-09T19:50:19","slug":"heimstaerke-des-vfb-stuttgart-doppelpacker-undav-sorgt-dafuer-dass-die-serie-nicht-reisst-vfb-stuttgart","status":"publish","type":"post","link":"https:\/\/www.europesays.com\/de\/563599\/","title":{"rendered":"Heimst\u00e4rke des VfB Stuttgart: Doppelpacker Undav sorgt daf\u00fcr, dass die Serie nicht rei\u00dft &#8211; VfB Stuttgart"},"content":{"rendered":"<p>Wie im Ligaspiel gegen Mainz erzielt Deniz Undav beim 3:2 \u00fcber Augsburg den Siegtreffer. Damit sorgt der St\u00fcrmer daf\u00fcr, dass der VfB seine beeindruckende Serie ausbaut.<\/p>\n<p>Es waren regul\u00e4r noch zehn Minuten zu spielen, als der eingewechselte Chris F\u00fchrich im Mittelfeld den Turbo anschmiss. Sein Dribbling endete bei Angelo Stiller, der am Sechzehner quer auf <a href=\"https:\/\/www.esslinger-zeitung.de\/thema\/Deniz_Undav\" title=\"Deniz Undav\" class=\"art_thema\" target=\"_blank\" rel=\"noopener\">Deniz Undav<\/a> legte. Dieser wiederum lie\u00df aus halblinker Position seinen Paradeschuss folgen, zirkelte den Ball rechts oben zum 3:2-Siegtreffer ins Netz des Augsburger Tores. <\/p>\n","protected":false},"excerpt":{"rendered":"Wie im Ligaspiel gegen Mainz erzielt Deniz Undav beim 3:2 \u00fcber Augsburg den Siegtreffer. Damit sorgt der St\u00fcrmer&hellip;\n","protected":false},"author":2,"featured_media":563600,"comment_status":"","ping_status":"","sticky":false,"template":"","format":"standard","meta":{"footnotes":""},"categories":[1830],"tags":[1634,299,3364,22496,29,483,30,15179,3497,1441,2915],"class_list":{"0":"post-563599","1":"post","2":"type-post","3":"status-publish","4":"format-standard","5":"has-post-thumbnail","7":"category-stuttgart","8":"tag-baden-wuerttemberg","9":"tag-bundesliga","10":"tag-de","11":"tag-deniz-undav","12":"tag-deutschland","13":"tag-fc-augsburg","14":"tag-germany","15":"tag-sandro-wagner","16":"tag-sebastian-hoeness","17":"tag-stuttgart","18":"tag-vfb-stuttgart"},"share_on_mastodon":{"url":"https:\/\/pubeurope.com\/@de\/115521481915165675","error":""},"_links":{"self":[{"href":"https:\/\/www.europesays.com\/de\/wp-json\/wp\/v2\/posts\/563599","targetHints":{"allow":["GET"]}}],"collection":[{"href":"https:\/\/www.europesays.com\/de\/wp-json\/wp\/v2\/posts"}],"about":[{"href":"https:\/\/www.europesays.com\/de\/wp-json\/wp\/v2\/types\/post"}],"author":[{"embeddable":true,"href":"https:\/\/www.europesays.com\/de\/wp-json\/wp\/v2\/users\/2"}],"replies":[{"embeddable":true,"href":"https:\/\/www.europesays.com\/de\/wp-json\/wp\/v2\/comments?post=563599"}],"version-history":[{"count":0,"href":"https:\/\/www.europesays.com\/de\/wp-json\/wp\/v2\/posts\/563599\/revisions"}],"wp:featuredmedia":[{"embeddable":true,"href":"https:\/\/www.europesays.com\/de\/wp-json\/wp\/v2\/media\/563600"}],"wp:attachment":[{"href":"https:\/\/www.europesays.com\/de\/wp-json\/wp\/v2\/media?parent=563599"}],"wp:term":[{"taxonomy":"category","embeddable":true,"href":"https:\/\/www.europesays.com\/de\/wp-json\/wp\/v2\/categories?post=563599"},{"taxonomy":"post_tag","embeddable":true,"href":"https:\/\/www.europesays.com\/de\/wp-json\/wp\/v2\/tags?post=563599"}],"curies":[{"name":"wp","href":"https:\/\/api.w.org\/{rel}","templated":true}]}}