{"id":563809,"date":"2025-11-09T21:47:11","date_gmt":"2025-11-09T21:47:11","guid":{"rendered":"https:\/\/www.europesays.com\/de\/563809\/"},"modified":"2025-11-09T21:47:11","modified_gmt":"2025-11-09T21:47:11","slug":"hubertusschuetzen-trauern-um-wilfried-beyer","status":"publish","type":"post","link":"https:\/\/www.europesays.com\/de\/563809\/","title":{"rendered":"Hubertussch\u00fctzen trauern um Wilfried Beyer"},"content":{"rendered":"<p class=\"text_ohne_einzug richtext text-em-55 !leading-serif mx-6 desktop:mx-0\">  Wilfried Beyer, Ehrenmajor des Kaarster Hubertuscorps, ist am 1. November im Alter von 76 Jahren nach kurzer, schwerer Krankheit verstorben. Die Trauer bei den Hubertussch\u00fctzen \u00fcber den Verlust ist gro\u00df. \u201eWilfried, du darfst dir sicher sein, dass dich deine Hubertussch\u00fctzen nicht vergessen und dich immer in Ehren halten werden\u201c, hei\u00dft es in einer Mitteilung des Corps.<\/p>\n","protected":false},"excerpt":{"rendered":"Wilfried Beyer, Ehrenmajor des Kaarster Hubertuscorps, ist am 1. November im Alter von 76 Jahren nach kurzer, schwerer&hellip;\n","protected":false},"author":2,"featured_media":563810,"comment_status":"","ping_status":"","sticky":false,"template":"","format":"standard","meta":{"footnotes":""},"categories":[1849],"tags":[9501,94488,3364,29,35844,35843,136068,548,663,3934,30,13,54974,136067,136066,16930,288,78999,4455,14,15,1209,12,19089,40634,129862],"class_list":{"0":"post-563809","1":"post","2":"type-post","3":"status-publish","4":"format-standard","5":"has-post-thumbnail","7":"category-moenchengladbach","8":"tag-beyer","9":"tag-corps","10":"tag-de","11":"tag-deutschland","12":"tag-ehre","13":"tag-ehren","14":"tag-ehrenmajor","15":"tag-eu","16":"tag-europa","17":"tag-europe","18":"tag-germany","19":"tag-headlines","20":"tag-hubertus","21":"tag-hubertuscorps","22":"tag-hubertusschuetzen","23":"tag-kaarst","24":"tag-krankheit","25":"tag-kuerzer","26":"tag-moenchengladbach","27":"tag-nachrichten","28":"tag-news","29":"tag-nordrhein-westfalen","30":"tag-schlagzeilen","31":"tag-schwerer","32":"tag-verstorben","33":"tag-wilfried"},"share_on_mastodon":{"url":"https:\/\/pubeurope.com\/@de\/115521941998534888","error":""},"_links":{"self":[{"href":"https:\/\/www.europesays.com\/de\/wp-json\/wp\/v2\/posts\/563809","targetHints":{"allow":["GET"]}}],"collection":[{"href":"https:\/\/www.europesays.com\/de\/wp-json\/wp\/v2\/posts"}],"about":[{"href":"https:\/\/www.europesays.com\/de\/wp-json\/wp\/v2\/types\/post"}],"author":[{"embeddable":true,"href":"https:\/\/www.europesays.com\/de\/wp-json\/wp\/v2\/users\/2"}],"replies":[{"embeddable":true,"href":"https:\/\/www.europesays.com\/de\/wp-json\/wp\/v2\/comments?post=563809"}],"version-history":[{"count":0,"href":"https:\/\/www.europesays.com\/de\/wp-json\/wp\/v2\/posts\/563809\/revisions"}],"wp:featuredmedia":[{"embeddable":true,"href":"https:\/\/www.europesays.com\/de\/wp-json\/wp\/v2\/media\/563810"}],"wp:attachment":[{"href":"https:\/\/www.europesays.com\/de\/wp-json\/wp\/v2\/media?parent=563809"}],"wp:term":[{"taxonomy":"category","embeddable":true,"href":"https:\/\/www.europesays.com\/de\/wp-json\/wp\/v2\/categories?post=563809"},{"taxonomy":"post_tag","embeddable":true,"href":"https:\/\/www.europesays.com\/de\/wp-json\/wp\/v2\/tags?post=563809"}],"curies":[{"name":"wp","href":"https:\/\/api.w.org\/{rel}","templated":true}]}}